[{"@context":"https:\/\/schema.org\/","@type":"Article","@id":"https:\/\/www.chliv.cz\/zvazujete-letos-nejet-na-rodinnou-dovolenou-do-zahranici\/#Article","mainEntityOfPage":"https:\/\/www.chliv.cz\/zvazujete-letos-nejet-na-rodinnou-dovolenou-do-zahranici\/","headline":"Zva\u017eujete letos nejet na rodinnou dovolenou do zahrani\u010d\u00ed?","name":"Zva\u017eujete letos nejet na rodinnou dovolenou do zahrani\u010d\u00ed?","description":"Zva\u017eujete letos nejet na rodinnou dovolenou do zahrani\u010d\u00ed? U\u017e m\u00e1te dost p\u0159epln\u011bn\u00fdch pl\u00e1\u017e\u00ed a k\u0159ik turist\u016f? Rad\u011bji budete doma?.","datePublished":"2023-10-16","dateModified":"2023-10-16","author":{"@type":"Person","@id":"https:\/\/www.chliv.cz\/author\/#Person","name":"","url":"https:\/\/www.chliv.cz\/author\/","identifier":1,"image":{"@type":"ImageObject","@id":"https:\/\/secure.gravatar.com\/avatar\/7c144e1de0ecc43e7a8353c804f0c7ea63c9554336576e7048c4bdeaa59bbbbb?s=96&d=mm&r=g","url":"https:\/\/secure.gravatar.com\/avatar\/7c144e1de0ecc43e7a8353c804f0c7ea63c9554336576e7048c4bdeaa59bbbbb?s=96&d=mm&r=g","height":96,"width":96}},"publisher":{"@type":"Organization","name":"chliv.cz","logo":{"@type":"ImageObject","@id":"\/logo.png","url":"\/logo.png","width":600,"height":60}},"url":"https:\/\/www.chliv.cz\/zvazujete-letos-nejet-na-rodinnou-dovolenou-do-zahranici\/","wordCount":191,"articleBody":"Zva\u017eujete letos nejet na rodinnou dovolenou do zahrani\u010d\u00ed? U\u017e m\u00e1te dost p\u0159epln\u011bn\u00fdch pl\u00e1\u017e\u00ed a k\u0159ik turist\u016f? Rad\u011bji budete doma? Tak to mus\u00edte jednozna\u010dn\u011b vyzkou\u0161et mo\u017enost ubytov\u00e1n\u00ed chata a chalupa.Jste sp\u00ed\u0161e samot\u00e1\u0159i a r\u00e1di si u\u017e\u00edv\u00e1te klidnou dovolenou? Vyu\u017eijte exkluzivn\u00ed nab\u00eddku, ze kter\u00e9 si sami vyberete, kter\u00e1 chata a chalupa je v\u00e1m nejbli\u017e\u0161\u00ed a nejsympati\u010dt\u011bj\u0161\u00ed. Pot\u00e9 se u\u017e m\u016f\u017eete t\u011b\u0161it na p\u0159\u00edjemnou dobu str\u00e1venou na klidn\u00e9m m\u00edst\u011b t\u0159eba n\u011bkde v hor\u00e1ch nebo u hust\u00e9ho, l\u00e9tem von\u00edc\u00edho, lesa. Sta\u010d\u00ed si u\u017e jen zabalit v\u0161echno pot\u0159ebn\u00e9 a vyrazit vst\u0159\u00edc kr\u00e1sn\u00e9, neposkvrn\u011bn\u00e9 p\u0159\u00edrod\u011b. Na\u0161e nab\u00eddka sk\u00fdt\u00e1 vysok\u00fd po\u010det chata a chalupa ze v\u0161ech oblast\u00ed \u010cesk\u00e9 republiky.\tLuxusn\u00ed dovolen\u00e1Vyu\u017eijte na\u0161ich slu\u017eeb, objevte luxusn\u00ed ubytov\u00e1n\u00ed v rodn\u00e9 vlasti. Za\u010dn\u011bte pozn\u00e1v\u00e1n\u00ed pam\u00e1tek a kouzeln\u00e9 krajiny nejprve doma a my V\u00e1m garantujeme, \u017ee se k n\u00e1m budete r\u00e1di vracet.                                                                                                                                                                                                                                                                                                                                                                                                "},{"@context":"https:\/\/schema.org\/","@type":"BreadcrumbList","itemListElement":[{"@type":"ListItem","position":1,"name":"Zva\u017eujete letos nejet na rodinnou dovolenou do zahrani\u010d\u00ed?","item":"https:\/\/www.chliv.cz\/zvazujete-letos-nejet-na-rodinnou-dovolenou-do-zahranici\/#breadcrumbitem"}]}]