{"@context":"https:\/\/schema.org\/","@type":"CollectionPage","@id":"https:\/\/www.chliv.cz\/zahrada-a-dum\/#CollectionPage","headline":"Zahrada a d\u016fm Category","description":"","url":"https:\/\/www.chliv.cz\/zahrada-a-dum\/","hasPart":[{"@type":"Article","@id":"https:\/\/www.chliv.cz\/nove-bydleni-za-dostupnou-cenu\/","headline":"Nov\u00e9 bydlen\u00ed za dostupnou cenu","url":"https:\/\/www.chliv.cz\/nove-bydleni-za-dostupnou-cenu\/","datePublished":"2024-11-09","dateModified":"2024-11-09","mainEntityOfPage":"https:\/\/www.chliv.cz\/nove-bydleni-za-dostupnou-cenu\/","author":{"@type":"Person","@id":"https:\/\/www.chliv.cz\/author\/#Person","name":"","url":"https:\/\/www.chliv.cz\/author\/","identifier":1,"image":{"@type":"ImageObject","@id":"https:\/\/secure.gravatar.com\/avatar\/7c144e1de0ecc43e7a8353c804f0c7ea63c9554336576e7048c4bdeaa59bbbbb?s=96&d=mm&r=g","url":"https:\/\/secure.gravatar.com\/avatar\/7c144e1de0ecc43e7a8353c804f0c7ea63c9554336576e7048c4bdeaa59bbbbb?s=96&d=mm&r=g","height":96,"width":96}},"publisher":{"@type":"Organization","name":"chliv.cz","logo":{"@type":"ImageObject","@id":"\/logo.png","url":"\/logo.png","width":600,"height":60}},"image":{"@type":"ImageObject","@id":"https:\/\/www.chliv.cz\/wp-content\/uploads\/single-family-home-1026368_640_10_3.jpg","url":"https:\/\/www.chliv.cz\/wp-content\/uploads\/single-family-home-1026368_640_10_3.jpg","height":0,"width":0},"keywords":null},{"@type":"Article","@id":"https:\/\/www.chliv.cz\/prvni-snih\/","headline":"Prvn\u00ed sn\u00edh","url":"https:\/\/www.chliv.cz\/prvni-snih\/","datePublished":"2024-02-27","dateModified":"2024-02-27","mainEntityOfPage":"https:\/\/www.chliv.cz\/prvni-snih\/","author":{"@type":"Person","@id":"https:\/\/www.chliv.cz\/author\/#Person","name":"","url":"https:\/\/www.chliv.cz\/author\/","identifier":1,"image":{"@type":"ImageObject","@id":"https:\/\/secure.gravatar.com\/avatar\/7c144e1de0ecc43e7a8353c804f0c7ea63c9554336576e7048c4bdeaa59bbbbb?s=96&d=mm&r=g","url":"https:\/\/secure.gravatar.com\/avatar\/7c144e1de0ecc43e7a8353c804f0c7ea63c9554336576e7048c4bdeaa59bbbbb?s=96&d=mm&r=g","height":96,"width":96}},"publisher":{"@type":"Organization","name":"chliv.cz","logo":{"@type":"ImageObject","@id":"\/logo.png","url":"\/logo.png","width":600,"height":60}},"image":{"@type":"ImageObject","@id":"https:\/\/www.chliv.cz\/wp-content\/uploads\/ian-keefe-OgcJIKRnRC8-unsplash_1.jpg","url":"https:\/\/www.chliv.cz\/wp-content\/uploads\/ian-keefe-OgcJIKRnRC8-unsplash_1.jpg","height":0,"width":0},"keywords":null},{"@type":"Article","@id":"https:\/\/www.chliv.cz\/proc-vetsina-lidi-dava-prednost-rodinnemu-domu-se-zahradou\/","headline":"Pro\u010d v\u011bt\u0161ina lid\u00ed d\u00e1v\u00e1 p\u0159ednost rodinn\u00e9mu domu se zahradou","url":"https:\/\/www.chliv.cz\/proc-vetsina-lidi-dava-prednost-rodinnemu-domu-se-zahradou\/","datePublished":"2023-11-30","dateModified":"2024-01-30","mainEntityOfPage":"https:\/\/www.chliv.cz\/proc-vetsina-lidi-dava-prednost-rodinnemu-domu-se-zahradou\/","author":{"@type":"Person","@id":"https:\/\/www.chliv.cz\/author\/#Person","name":"","url":"https:\/\/www.chliv.cz\/author\/","identifier":1,"image":{"@type":"ImageObject","@id":"https:\/\/secure.gravatar.com\/avatar\/7c144e1de0ecc43e7a8353c804f0c7ea63c9554336576e7048c4bdeaa59bbbbb?s=96&d=mm&r=g","url":"https:\/\/secure.gravatar.com\/avatar\/7c144e1de0ecc43e7a8353c804f0c7ea63c9554336576e7048c4bdeaa59bbbbb?s=96&d=mm&r=g","height":96,"width":96}},"publisher":{"@type":"Organization","name":"chliv.cz","logo":{"@type":"ImageObject","@id":"\/logo.png","url":"\/logo.png","width":600,"height":60}},"image":{"@type":"ImageObject","@id":"https:\/\/www.chliv.cz\/wp-content\/uploads\/bungalov1_2.jpg","url":"https:\/\/www.chliv.cz\/wp-content\/uploads\/bungalov1_2.jpg","height":0,"width":0},"keywords":null},{"@type":"Article","@id":"https:\/\/www.chliv.cz\/party-na-zahrade\/","headline":"P\u00e1rty na zahrad\u011b","url":"https:\/\/www.chliv.cz\/party-na-zahrade\/","datePublished":"2023-07-24","dateModified":"2024-04-24","mainEntityOfPage":"https:\/\/www.chliv.cz\/party-na-zahrade\/","author":{"@type":"Person","@id":"https:\/\/www.chliv.cz\/author\/#Person","name":"","url":"https:\/\/www.chliv.cz\/author\/","identifier":1,"image":{"@type":"ImageObject","@id":"https:\/\/secure.gravatar.com\/avatar\/7c144e1de0ecc43e7a8353c804f0c7ea63c9554336576e7048c4bdeaa59bbbbb?s=96&d=mm&r=g","url":"https:\/\/secure.gravatar.com\/avatar\/7c144e1de0ecc43e7a8353c804f0c7ea63c9554336576e7048c4bdeaa59bbbbb?s=96&d=mm&r=g","height":96,"width":96}},"publisher":{"@type":"Organization","name":"chliv.cz","logo":{"@type":"ImageObject","@id":"\/logo.png","url":"\/logo.png","width":600,"height":60}},"image":{"@type":"ImageObject","@id":"https:\/\/www.chliv.cz\/wp-content\/uploads\/spring-2298279_1280_3.jpg","url":"https:\/\/www.chliv.cz\/wp-content\/uploads\/spring-2298279_1280_3.jpg","height":0,"width":0},"keywords":null},{"@type":"Article","@id":"https:\/\/www.chliv.cz\/bydleni-ktere-nezklame\/","headline":"Bydlen\u00ed, kter\u00e9 nezklame","url":"https:\/\/www.chliv.cz\/bydleni-ktere-nezklame\/","datePublished":"2022-08-14","dateModified":"2023-06-14","mainEntityOfPage":"https:\/\/www.chliv.cz\/bydleni-ktere-nezklame\/","author":{"@type":"Person","@id":"https:\/\/www.chliv.cz\/author\/#Person","name":"","url":"https:\/\/www.chliv.cz\/author\/","identifier":1,"image":{"@type":"ImageObject","@id":"https:\/\/secure.gravatar.com\/avatar\/7c144e1de0ecc43e7a8353c804f0c7ea63c9554336576e7048c4bdeaa59bbbbb?s=96&d=mm&r=g","url":"https:\/\/secure.gravatar.com\/avatar\/7c144e1de0ecc43e7a8353c804f0c7ea63c9554336576e7048c4bdeaa59bbbbb?s=96&d=mm&r=g","height":96,"width":96}},"publisher":{"@type":"Organization","name":"chliv.cz","logo":{"@type":"ImageObject","@id":"\/logo.png","url":"\/logo.png","width":600,"height":60}},"image":{"@type":"ImageObject","@id":"https:\/\/www.chliv.cz\/wp-content\/uploads\/Lo%C5%BEnice_10_5.jpg","url":"https:\/\/www.chliv.cz\/wp-content\/uploads\/Lo%C5%BEnice_10_5.jpg","height":0,"width":0},"keywords":null}]}