[{"@context":"https:\/\/schema.org\/","@type":"Article","@id":"https:\/\/www.chliv.cz\/vas-byt-se-v-mziku-promeni\/#Article","mainEntityOfPage":"https:\/\/www.chliv.cz\/vas-byt-se-v-mziku-promeni\/","headline":"V\u00e1\u0161 byt se v m\u017eiku prom\u011bn\u00ed","name":"V\u00e1\u0161 byt se v m\u017eiku prom\u011bn\u00ed","description":"Neot\u0159el\u00fd styl pro neot\u0159el\u00e9 povahy Dekorace ve form\u011b n\u00e1bytku jsou stylov\u00e9 a nezapomenuteln\u00e9 hned na prvn\u00ed pohled! Sk\u0159\u00ed\u0148ky, sk\u0159\u00edn\u011b,.","datePublished":"2025-04-27","dateModified":"2025-04-27","author":{"@type":"Person","@id":"https:\/\/www.chliv.cz\/author\/#Person","name":"","url":"https:\/\/www.chliv.cz\/author\/","identifier":1,"image":{"@type":"ImageObject","@id":"https:\/\/secure.gravatar.com\/avatar\/7c144e1de0ecc43e7a8353c804f0c7ea63c9554336576e7048c4bdeaa59bbbbb?s=96&d=mm&r=g","url":"https:\/\/secure.gravatar.com\/avatar\/7c144e1de0ecc43e7a8353c804f0c7ea63c9554336576e7048c4bdeaa59bbbbb?s=96&d=mm&r=g","height":96,"width":96}},"publisher":{"@type":"Organization","name":"chliv.cz","logo":{"@type":"ImageObject","@id":"\/logo.png","url":"\/logo.png","width":600,"height":60}},"url":"https:\/\/www.chliv.cz\/vas-byt-se-v-mziku-promeni\/","wordCount":182,"articleBody":"Neot\u0159el\u00fd styl pro neot\u0159el\u00e9 povahyDekorace ve form\u011b n\u00e1bytku jsou stylov\u00e9 a nezapomenuteln\u00e9 hned na prvn\u00ed pohled! Sk\u0159\u00ed\u0148ky, sk\u0159\u00edn\u011b, poli\u010dky, police, stolky a stole\u010dky, zahradn\u00ed n\u00e1bytek &#8211; to v\u0161e v okouzluj\u00edc\u00edm francouzsk\u00e9m stylu! Nechte se inspirovat t\u011bmito zem\u011bmi a vybavte sv\u00e9 pokoje p\u0159ekr\u00e1sn\u00fdm n\u00e1bytkem!Retro dekorace v\u00e1s pobav\u00edUvid\u00edte, \u017ee nab\u00edzen\u00fd n\u00e1bytek a dekorace si zamilujete na prvn\u00ed pohled! Pro v\u0161echny, kte\u0159\u00ed cht\u011bj\u00ed m\u00edt doma na sk\u0159\u00ed\u0148k\u00e1ch a \u0161upl\u00edc\u00edch kr\u00e1sn\u00e9 \u00fachytky, doporu\u010dujeme n\u00e1bytkov\u00e9 a porcel\u00e1nov\u00e9 \u00fachytky, kter\u00e9 ozvl\u00e1\u0161tn\u00ed ka\u017ed\u00fd kus n\u00e1bytku a uvedou ho do novoty!KosmetikaPro v\u0161echny \u017eeny, ale i mu\u017ee nab\u00edz\u00edme tak\u00e9 kvalitn\u00ed kosmetiku v podob\u011b p\u0159\u00edrodn\u00edch m\u00fddel, parf\u00e9m\u016f, t\u011blov\u00e9 kosmetiky, kolekce levandule a dekorace do koupelny. Zp\u0159\u00edjemn\u011bte si dlouh\u00e9 zimn\u00ed ve\u010dery v\u016fn\u00ed levandule a jin\u00fdch bo\u017esk\u00fdch francouzsk\u00fdch v\u016fn\u00ed. Kosmetika Bella Rose je francouzsk\u00e1 \u0161pi\u010dka!                                                                                                                                                                                                                                                                                                                                                                                                "},{"@context":"https:\/\/schema.org\/","@type":"BreadcrumbList","itemListElement":[{"@type":"ListItem","position":1,"name":"V\u00e1\u0161 byt se v m\u017eiku prom\u011bn\u00ed","item":"https:\/\/www.chliv.cz\/vas-byt-se-v-mziku-promeni\/#breadcrumbitem"}]}]