[{"@context":"https:\/\/schema.org\/","@type":"Article","@id":"https:\/\/www.chliv.cz\/temer-zapomenuta-profese\/#Article","mainEntityOfPage":"https:\/\/www.chliv.cz\/temer-zapomenuta-profese\/","headline":"T\u00e9m\u011b\u0159 zapomenut\u00e1 profese","name":"T\u00e9m\u011b\u0159 zapomenut\u00e1 profese","description":"B\u00fdt dom\u00e1c\u00ed \u0161vadlenou je dnes docela n\u00e1ro\u010dn\u00e1 pr\u00e1ce na u\u017eiven\u00ed se. Trh je p\u0159esycen nejr\u016fzn\u011bj\u0161\u00edmi obchody s oble\u010den\u00edm za.","datePublished":"2024-12-17","dateModified":"2024-12-17","author":{"@type":"Person","@id":"https:\/\/www.chliv.cz\/author\/#Person","name":"","url":"https:\/\/www.chliv.cz\/author\/","identifier":1,"image":{"@type":"ImageObject","@id":"https:\/\/secure.gravatar.com\/avatar\/7c144e1de0ecc43e7a8353c804f0c7ea63c9554336576e7048c4bdeaa59bbbbb?s=96&d=mm&r=g","url":"https:\/\/secure.gravatar.com\/avatar\/7c144e1de0ecc43e7a8353c804f0c7ea63c9554336576e7048c4bdeaa59bbbbb?s=96&d=mm&r=g","height":96,"width":96}},"publisher":{"@type":"Organization","name":"chliv.cz","logo":{"@type":"ImageObject","@id":"\/logo.png","url":"\/logo.png","width":600,"height":60}},"url":"https:\/\/www.chliv.cz\/temer-zapomenuta-profese\/","wordCount":176,"articleBody":"B\u00fdt dom\u00e1c\u00ed \u0161vadlenou je dnes docela n\u00e1ro\u010dn\u00e1 pr\u00e1ce na u\u017eiven\u00ed se. Trh je p\u0159esycen nejr\u016fzn\u011bj\u0161\u00edmi obchody s oble\u010den\u00edm za velmi p\u0159ijateln\u00e9 ceny, ov\u0161em o kvalit\u011b by se dalo leckdy velmi pochybovat. Na\u0161i spoluobyvatel\u00e9 z Asie se n\u00e1m \u010dasto sna\u017e\u00ed vnutit kvalitn\u00ed oble\u010den\u00ed \u201csv\u011btov\u00fdch zna\u010dek\u201d, o kter\u00e9m p\u0159i jeho n\u00e1kupu ji\u017e p\u0159edem v\u00edme, odkud ve skute\u010dnosti poch\u00e1z\u00ed.Aby v\u00e1s nic nezastaviloA tak i p\u0159es p\u0159esycenost trhu levn\u00fdm a \u010dasto nekvalitn\u00edm zbo\u017e\u00edm, zatou\u017e\u00ed ob\u010das ka\u017ed\u00e1 \u017eena po padnouc\u00edch kr\u00e1sn\u00fdch \u0161atech, ve kter\u00fdch nikoho jin\u00e9ho na ulici nepotk\u00e1. Pokud se tedy i vy v\u011bnujete tomuto bohulib\u00e9mu povol\u00e1n\u00ed v podstat\u011b cel\u00fd \u017eivot a pomalu, ale jist\u011b, v\u00e1m p\u0159est\u00e1v\u00e1 slou\u017eit zrak, dovolujeme si v\u00e1m nab\u00eddnout d\u00edlenskou lampu s lupou, kter\u00e1 je sou\u010d\u00e1st\u00ed na\u0161\u00ed nab\u00eddky d\u00edlensk\u00e9ho vybaven\u00ed.                                                                                                                                                                                                                                                                                                                                                                                                "},{"@context":"https:\/\/schema.org\/","@type":"BreadcrumbList","itemListElement":[{"@type":"ListItem","position":1,"name":"T\u00e9m\u011b\u0159 zapomenut\u00e1 profese","item":"https:\/\/www.chliv.cz\/temer-zapomenuta-profese\/#breadcrumbitem"}]}]