[{"@context":"https:\/\/schema.org\/","@type":"Article","@id":"https:\/\/www.chliv.cz\/taska-s-potiskem-jako-stylovy-modni-doplnek\/#Article","mainEntityOfPage":"https:\/\/www.chliv.cz\/taska-s-potiskem-jako-stylovy-modni-doplnek\/","headline":"Ta\u0161ka s potiskem jako stylov\u00fd m\u00f3dn\u00ed dopln\u011bk","name":"Ta\u0161ka s potiskem jako stylov\u00fd m\u00f3dn\u00ed dopln\u011bk","description":"P\u0159em\u00fd\u0161leli jste n\u011bkdy nad t\u00edm, pro\u010d mal\u00e9 d\u011bti miluj\u00ed barvy, zat\u00edmco sv\u011bt dosp\u011bl\u00fdch lid\u00ed b\u00fdv\u00e1 docela \u010dasto ponur\u00fd, s.","datePublished":"2025-11-05","dateModified":"2025-11-05","author":{"@type":"Person","@id":"https:\/\/www.chliv.cz\/author\/#Person","name":"","url":"https:\/\/www.chliv.cz\/author\/","identifier":1,"image":{"@type":"ImageObject","@id":"https:\/\/secure.gravatar.com\/avatar\/7c144e1de0ecc43e7a8353c804f0c7ea63c9554336576e7048c4bdeaa59bbbbb?s=96&d=mm&r=g","url":"https:\/\/secure.gravatar.com\/avatar\/7c144e1de0ecc43e7a8353c804f0c7ea63c9554336576e7048c4bdeaa59bbbbb?s=96&d=mm&r=g","height":96,"width":96}},"publisher":{"@type":"Organization","name":"chliv.cz","logo":{"@type":"ImageObject","@id":"\/logo.png","url":"\/logo.png","width":600,"height":60}},"image":{"@type":"ImageObject","@id":"https:\/\/www.chliv.cz\/wp-content\/uploads\/girl-2581913_640_10_4.jpg","url":"https:\/\/www.chliv.cz\/wp-content\/uploads\/girl-2581913_640_10_4.jpg","height":0,"width":0},"url":"https:\/\/www.chliv.cz\/taska-s-potiskem-jako-stylovy-modni-doplnek\/","about":["Nakupov\u00e1n\u00ed"],"wordCount":408,"articleBody":"      P\u0159em\u00fd\u0161leli jste n\u011bkdy nad t\u00edm, pro\u010d mal\u00e9 d\u011bti miluj\u00ed barvy, zat\u00edmco sv\u011bt dosp\u011bl\u00fdch lid\u00ed b\u00fdv\u00e1 docela \u010dasto ponur\u00fd, s barvami zast\u0159en\u00fdmi nebo dokonce s p\u0159evahou \u010dern\u00e9 a \u0161ed\u00e9? Pom\u011brn\u011b ned\u00e1vno jsem sledoval venku na ulici p\u0159ed m\u00fdm bytem kolemjdouc\u00ed a zam\u011b\u0159il se na jejich oble\u010den\u00ed. Bylo zpravidla vkusn\u00e9, co se t\u00fd\u010de st\u0159ihu nebo materi\u00e1lu, ale p\u0159\u00edmo katastrof\u00e1ln\u00ed z hlediska barev a jejich kombinac\u00ed. P\u0159eva\u017eovala tu \u0161ediv\u00e1, \u010dern\u00e1, tmav\u011b hn\u011bd\u00e1, tmav\u011b modr\u00e1 a jejich r\u016fzn\u00e9 modifikace v ponur\u00fdch odst\u00ednech. Paradoxn\u011b nejkr\u00e1sn\u011bj\u0161\u00ed, co se t\u00fd\u010de barev, byly kontejnery na t\u0159\u00edd\u011bn\u00fd odpad, kam tito lid\u00e9 odhazovali odpadky.J\u00e1 osobn\u011b se obl\u00e9k\u00e1m velmi barevn\u011b a nesnesu \u010dernou ani \u0161edou, m\u00e1m z toho divn\u00fd pocit, jako kdyby mi to kradlo energii z aury, a c\u00edt\u00edm se v takov\u00e9m oble\u010den\u00ed \u0161patn\u011b. Ostatn\u011b nen\u00ed n\u00e1hoda, \u017ee ka\u017ed\u00e9 t\u011blesn\u00e9 energetick\u00e9 \u010dak\u0159e odpov\u00edd\u00e1 pr\u00e1v\u011b jedna barva, nap\u0159\u00edklad oblasti \u017ealudku \u017elut\u00e1, srdci zelen\u00e1, chodidl\u016fm \u010derven\u00e1 atd. T\u00edmto v\u00e1m chci nazna\u010dit, abyste se zamysleli nad t\u00edm, \u017ee mal\u00e9 d\u011bti se chovaj\u00ed spont\u00e1nn\u011b a nejsou-li psychicky nemocn\u00e9, p\u0159irozen\u011b t\u00edhnou k vesel\u00fdm pastelov\u00fdm barv\u00e1m. M\u016f\u017eete se inspirovat i p\u0159\u00edrodou, mnoha barevn\u00fdmi kv\u011bty, mezi nimi\u017e p\u0159evl\u00e1daj\u00ed pastelov\u00e9 barvy, nikoli \u010dern\u00e1 a \u0161ed\u00e1.M\u00e1te-li z\u00e1jem, m\u016f\u017eete se v\u00edce otev\u0159\u00edt barv\u00e1m a obl\u00e9kat se t\u0159eba tak, jako to um\u00ed v\u00fdrobci d\u00e1msk\u00e9ho oble\u010den\u00ed Kari Traa. A m\u016f\u017eete k barevn\u00e9mu oble\u010den\u00ed po\u0159\u00eddit i vhodn\u00e9 m\u00f3dn\u00ed dopl\u0148ky, nap\u0159\u00edklad barevn\u00e9 k\u0161iltovky nebo bavln\u011bn\u00e9 n\u00e1kupn\u00ed ta\u0161ky p\u0159es rameno. Ty se dokonce daj\u00ed koupit v n\u011bkolika r\u016fzn\u00fdch barv\u00e1ch a nejsou drah\u00e9, tak\u017ee m\u016f\u017eete ta\u0161ky s potiskem mezi sebou st\u0159\u00eddat podle barvy oble\u010den\u00ed, aby s n\u00edm dob\u0159e kontrastovaly. A t\u0159eba takov\u00e1 \u017elut\u00e1 ta\u0161ka p\u0159es rameno, kterou si vezmete k tyrkysov\u00e9 mikin\u011b a b\u00edl\u00fdm \u010di \u017elut\u00fdm kalhot\u00e1m, m\u016f\u017ee vytvo\u0159it velice vkusn\u00fd a atraktivn\u00ed od\u011bvn\u00ed model, co by mohl n\u011bkter\u00e9 lidi kolem v\u00e1s inspirovat k n\u011b\u010demu podobn\u00e9mu.                                                                                                                                                                                                                                                                                                                                                                                                  "},{"@context":"https:\/\/schema.org\/","@type":"BreadcrumbList","itemListElement":[{"@type":"ListItem","position":1,"name":"Ta\u0161ka s potiskem jako stylov\u00fd m\u00f3dn\u00ed dopln\u011bk","item":"https:\/\/www.chliv.cz\/taska-s-potiskem-jako-stylovy-modni-doplnek\/#breadcrumbitem"}]}]