{"@context":"https:\/\/schema.org\/","@type":"CollectionPage","@id":"https:\/\/www.chliv.cz\/spolecnost\/#CollectionPage","headline":"Spole\u010dnost Category","description":"","url":"https:\/\/www.chliv.cz\/spolecnost\/","hasPart":[{"@type":"Article","@id":"https:\/\/www.chliv.cz\/lidi-tvori-spolecnost\/","headline":"Lidi tvo\u0159\u00ed spole\u010dnost","url":"https:\/\/www.chliv.cz\/lidi-tvori-spolecnost\/","datePublished":"2022-08-23","dateModified":"2023-06-14","mainEntityOfPage":"https:\/\/www.chliv.cz\/lidi-tvori-spolecnost\/","author":{"@type":"Person","@id":"https:\/\/www.chliv.cz\/author\/#Person","name":"","url":"https:\/\/www.chliv.cz\/author\/","identifier":1,"image":{"@type":"ImageObject","@id":"https:\/\/secure.gravatar.com\/avatar\/7c144e1de0ecc43e7a8353c804f0c7ea63c9554336576e7048c4bdeaa59bbbbb?s=96&d=mm&r=g","url":"https:\/\/secure.gravatar.com\/avatar\/7c144e1de0ecc43e7a8353c804f0c7ea63c9554336576e7048c4bdeaa59bbbbb?s=96&d=mm&r=g","height":96,"width":96}},"publisher":{"@type":"Organization","name":"chliv.cz","logo":{"@type":"ImageObject","@id":"\/logo.png","url":"\/logo.png","width":600,"height":60}},"image":{"@type":"ImageObject","@id":"https:\/\/www.chliv.cz\/wp-content\/uploads\/spole%C4%8Dnost4.jpg","url":"https:\/\/www.chliv.cz\/wp-content\/uploads\/spole%C4%8Dnost4.jpg","height":0,"width":0},"keywords":null},{"@type":"Article","@id":"https:\/\/www.chliv.cz\/chovani-ve-spolecnosti\/","headline":"Chov\u00e1n\u00ed ve spole\u010dnosti","url":"https:\/\/www.chliv.cz\/chovani-ve-spolecnosti\/","datePublished":"2022-08-13","dateModified":"2023-06-14","mainEntityOfPage":"https:\/\/www.chliv.cz\/chovani-ve-spolecnosti\/","author":{"@type":"Person","@id":"https:\/\/www.chliv.cz\/author\/#Person","name":"","url":"https:\/\/www.chliv.cz\/author\/","identifier":1,"image":{"@type":"ImageObject","@id":"https:\/\/secure.gravatar.com\/avatar\/7c144e1de0ecc43e7a8353c804f0c7ea63c9554336576e7048c4bdeaa59bbbbb?s=96&d=mm&r=g","url":"https:\/\/secure.gravatar.com\/avatar\/7c144e1de0ecc43e7a8353c804f0c7ea63c9554336576e7048c4bdeaa59bbbbb?s=96&d=mm&r=g","height":96,"width":96}},"publisher":{"@type":"Organization","name":"chliv.cz","logo":{"@type":"ImageObject","@id":"\/logo.png","url":"\/logo.png","width":600,"height":60}},"image":{"@type":"ImageObject","@id":"https:\/\/www.chliv.cz\/wp-content\/uploads\/phone-4060860_960_720_4.jpg","url":"https:\/\/www.chliv.cz\/wp-content\/uploads\/phone-4060860_960_720_4.jpg","height":0,"width":0},"keywords":null},{"@type":"Article","@id":"https:\/\/www.chliv.cz\/zivot-v-korporatu\/","headline":"\u017divot v korpor\u00e1tu","url":"https:\/\/www.chliv.cz\/zivot-v-korporatu\/","datePublished":"2022-08-08","dateModified":"2023-06-14","mainEntityOfPage":"https:\/\/www.chliv.cz\/zivot-v-korporatu\/","author":{"@type":"Person","@id":"https:\/\/www.chliv.cz\/author\/#Person","name":"","url":"https:\/\/www.chliv.cz\/author\/","identifier":1,"image":{"@type":"ImageObject","@id":"https:\/\/secure.gravatar.com\/avatar\/7c144e1de0ecc43e7a8353c804f0c7ea63c9554336576e7048c4bdeaa59bbbbb?s=96&d=mm&r=g","url":"https:\/\/secure.gravatar.com\/avatar\/7c144e1de0ecc43e7a8353c804f0c7ea63c9554336576e7048c4bdeaa59bbbbb?s=96&d=mm&r=g","height":96,"width":96}},"publisher":{"@type":"Organization","name":"chliv.cz","logo":{"@type":"ImageObject","@id":"\/logo.png","url":"\/logo.png","width":600,"height":60}},"image":{"@type":"ImageObject","@id":"https:\/\/www.chliv.cz\/wp-content\/uploads\/classroom-663437_640.jpg","url":"https:\/\/www.chliv.cz\/wp-content\/uploads\/classroom-663437_640.jpg","height":0,"width":0},"keywords":null},{"@type":"Article","@id":"https:\/\/www.chliv.cz\/jaka-je-prace-v-call-centru\/","headline":"Jak\u00e1 je pr\u00e1ce v call centru?","url":"https:\/\/www.chliv.cz\/jaka-je-prace-v-call-centru\/","datePublished":"2022-07-30","dateModified":"2023-06-14","mainEntityOfPage":"https:\/\/www.chliv.cz\/jaka-je-prace-v-call-centru\/","author":{"@type":"Person","@id":"https:\/\/www.chliv.cz\/author\/#Person","name":"","url":"https:\/\/www.chliv.cz\/author\/","identifier":1,"image":{"@type":"ImageObject","@id":"https:\/\/secure.gravatar.com\/avatar\/7c144e1de0ecc43e7a8353c804f0c7ea63c9554336576e7048c4bdeaa59bbbbb?s=96&d=mm&r=g","url":"https:\/\/secure.gravatar.com\/avatar\/7c144e1de0ecc43e7a8353c804f0c7ea63c9554336576e7048c4bdeaa59bbbbb?s=96&d=mm&r=g","height":96,"width":96}},"publisher":{"@type":"Organization","name":"chliv.cz","logo":{"@type":"ImageObject","@id":"\/logo.png","url":"\/logo.png","width":600,"height":60}},"image":{"@type":"ImageObject","@id":"https:\/\/www.chliv.cz\/wp-content\/uploads\/pexels-yan-krukov-8867482.jpg","url":"https:\/\/www.chliv.cz\/wp-content\/uploads\/pexels-yan-krukov-8867482.jpg","height":0,"width":0},"keywords":null},{"@type":"Article","@id":"https:\/\/www.chliv.cz\/proc-jsou-nektere-veci-spolecensky-prijatelne-zatimco-jine-nikoliv\/","headline":"Pro\u010d jsou n\u011bkter\u00e9 v\u011bci spole\u010densky p\u0159ijateln\u00e9, zat\u00edmco jin\u00e9 nikoliv?","url":"https:\/\/www.chliv.cz\/proc-jsou-nektere-veci-spolecensky-prijatelne-zatimco-jine-nikoliv\/","datePublished":"2022-05-06","dateModified":"2023-06-14","mainEntityOfPage":"https:\/\/www.chliv.cz\/proc-jsou-nektere-veci-spolecensky-prijatelne-zatimco-jine-nikoliv\/","author":{"@type":"Person","@id":"https:\/\/www.chliv.cz\/author\/#Person","name":"","url":"https:\/\/www.chliv.cz\/author\/","identifier":1,"image":{"@type":"ImageObject","@id":"https:\/\/secure.gravatar.com\/avatar\/7c144e1de0ecc43e7a8353c804f0c7ea63c9554336576e7048c4bdeaa59bbbbb?s=96&d=mm&r=g","url":"https:\/\/secure.gravatar.com\/avatar\/7c144e1de0ecc43e7a8353c804f0c7ea63c9554336576e7048c4bdeaa59bbbbb?s=96&d=mm&r=g","height":96,"width":96}},"publisher":{"@type":"Organization","name":"chliv.cz","logo":{"@type":"ImageObject","@id":"\/logo.png","url":"\/logo.png","width":600,"height":60}},"image":{"@type":"ImageObject","@id":"https:\/\/www.chliv.cz\/wp-content\/uploads\/zvyk4.jpg","url":"https:\/\/www.chliv.cz\/wp-content\/uploads\/zvyk4.jpg","height":0,"width":0},"keywords":null},{"@type":"Article","@id":"https:\/\/www.chliv.cz\/manipulace-s-historii-jako-politicka-zbran\/","headline":"Manipulace s historii, jako politick\u00e1 zbra\u0148","url":"https:\/\/www.chliv.cz\/manipulace-s-historii-jako-politicka-zbran\/","datePublished":"2021-12-31","dateModified":"2021-12-31","mainEntityOfPage":"https:\/\/www.chliv.cz\/manipulace-s-historii-jako-politicka-zbran\/","author":{"@type":"Person","@id":"https:\/\/www.chliv.cz\/author\/#Person","name":"","url":"https:\/\/www.chliv.cz\/author\/","identifier":1,"image":{"@type":"ImageObject","@id":"https:\/\/secure.gravatar.com\/avatar\/7c144e1de0ecc43e7a8353c804f0c7ea63c9554336576e7048c4bdeaa59bbbbb?s=96&d=mm&r=g","url":"https:\/\/secure.gravatar.com\/avatar\/7c144e1de0ecc43e7a8353c804f0c7ea63c9554336576e7048c4bdeaa59bbbbb?s=96&d=mm&r=g","height":96,"width":96}},"publisher":{"@type":"Organization","name":"chliv.cz","logo":{"@type":"ImageObject","@id":"\/logo.png","url":"\/logo.png","width":600,"height":60}},"image":{"@type":"ImageObject","@id":"https:\/\/www.chliv.cz\/wp-content\/uploads\/puppet-g87b34ae94_1280.png","url":"https:\/\/www.chliv.cz\/wp-content\/uploads\/puppet-g87b34ae94_1280.png","height":0,"width":0},"keywords":null}]}