[{"@context":"https:\/\/schema.org\/","@type":"Article","@id":"https:\/\/www.chliv.cz\/profukuji-vam-okna\/#Article","mainEntityOfPage":"https:\/\/www.chliv.cz\/profukuji-vam-okna\/","headline":"Profukuj\u00ed v\u00e1m okna?","name":"Profukuj\u00ed v\u00e1m okna?","description":"Plastov\u00e1 okna \u00a0 Hled\u00e1te kvalitn\u00ed plastov\u00e1 okna s vynikaj\u00edc\u00edmi tepeln\u011b izola\u010dn\u00edmi a akustick\u00fdmi vlastnostmi? My v\u00e1m jist\u011b vysta\u010d\u00edme. Na\u0161e.","datePublished":"2024-11-20","dateModified":"2024-11-20","author":{"@type":"Person","@id":"https:\/\/www.chliv.cz\/author\/#Person","name":"","url":"https:\/\/www.chliv.cz\/author\/","identifier":1,"image":{"@type":"ImageObject","@id":"https:\/\/secure.gravatar.com\/avatar\/7c144e1de0ecc43e7a8353c804f0c7ea63c9554336576e7048c4bdeaa59bbbbb?s=96&d=mm&r=g","url":"https:\/\/secure.gravatar.com\/avatar\/7c144e1de0ecc43e7a8353c804f0c7ea63c9554336576e7048c4bdeaa59bbbbb?s=96&d=mm&r=g","height":96,"width":96}},"publisher":{"@type":"Organization","name":"chliv.cz","logo":{"@type":"ImageObject","@id":"\/logo.png","url":"\/logo.png","width":600,"height":60}},"url":"https:\/\/www.chliv.cz\/profukuji-vam-okna\/","wordCount":164,"articleBody":"\tPlastov\u00e1 okna\t\u00a0\tHled\u00e1te kvalitn\u00ed plastov\u00e1 okna s vynikaj\u00edc\u00edmi tepeln\u011b izola\u010dn\u00edmi a akustick\u00fdmi vlastnostmi? My v\u00e1m jist\u011b vysta\u010d\u00edme. Na\u0161e nab\u00eddka je obs\u00e1hl\u00e1 a jist\u011b uspokoj\u00ed ka\u017ed\u00e9ho, a\u0165 u\u017e chcete vym\u011bnit okna v byt\u011b nebo je pot\u0159ebujete pro cel\u00fd bytov\u00fd d\u016fm.\tPlastov\u00e1 okna\t\u00a0\tNa\u0161e plastov\u00e1 okna jsou nab\u00edzena nejen v plastov\u00e9m vzhledu, ale i ve vzhledu d\u0159eva, co\u017e umo\u017e\u0148uj\u00ed na\u0161e dekory r\u016fzn\u00fdch d\u0159evin. P\u0159itom si ale na\u0161e v\u00fdrobky ponech\u00e1vaj\u00ed dostupnou cenu. Vyberte si tedy profily, kter\u00e9 chcete objednat a kontaktujte n\u00e1s.\tMont\u00e1\u017ee se nebojte\t\u00a0\tNa\u0161e spole\u010dnost Windows pro s.r.o. se obrac\u00ed z\u00e1sadn\u011b na prov\u011b\u0159en\u00e9 a pro\u0161kolen\u00e9 mont\u00e1\u017en\u00edky, kte\u0159\u00ed svou pr\u00e1ci odv\u00e1d\u011bj\u00ed kvalitn\u011b a rychle. S t\u011bmito \u0159emesln\u00edky pak udr\u017euje dlouhou spolupr\u00e1ci. Nemus\u00edte m\u00edt tedy opravdu \u017e\u00e1dn\u00e9 obavy.                                                                                                                                                                                                                                                                                                                                                                                                "},{"@context":"https:\/\/schema.org\/","@type":"BreadcrumbList","itemListElement":[{"@type":"ListItem","position":1,"name":"Profukuj\u00ed v\u00e1m okna?","item":"https:\/\/www.chliv.cz\/profukuji-vam-okna\/#breadcrumbitem"}]}]