[{"@context":"https:\/\/schema.org\/","@type":"Article","@id":"https:\/\/www.chliv.cz\/podzim-je-pomalu-tady\/#Article","mainEntityOfPage":"https:\/\/www.chliv.cz\/podzim-je-pomalu-tady\/","headline":"Podzim je pomalu tady","name":"Podzim je pomalu tady","description":"Pokud \u010dek\u00e1te na podzim miminko a nebo u\u017e ho m\u00e1te a t\u00e1pete, co mu koupit do podzimn\u00edho \u0161atn\u00edku, pod\u00edvejte.","datePublished":"2024-07-13","dateModified":"2024-07-13","author":{"@type":"Person","@id":"https:\/\/www.chliv.cz\/author\/#Person","name":"","url":"https:\/\/www.chliv.cz\/author\/","identifier":1,"image":{"@type":"ImageObject","@id":"https:\/\/secure.gravatar.com\/avatar\/7c144e1de0ecc43e7a8353c804f0c7ea63c9554336576e7048c4bdeaa59bbbbb?s=96&d=mm&r=g","url":"https:\/\/secure.gravatar.com\/avatar\/7c144e1de0ecc43e7a8353c804f0c7ea63c9554336576e7048c4bdeaa59bbbbb?s=96&d=mm&r=g","height":96,"width":96}},"publisher":{"@type":"Organization","name":"chliv.cz","logo":{"@type":"ImageObject","@id":"\/logo.png","url":"\/logo.png","width":600,"height":60}},"image":{"@type":"ImageObject","@id":"https:\/\/www.chliv.cz\/wp-content\/uploads\/baby-g9e110ab0a_640_10_1.jpg","url":"https:\/\/www.chliv.cz\/wp-content\/uploads\/baby-g9e110ab0a_640_10_1.jpg","height":0,"width":0},"url":"https:\/\/www.chliv.cz\/podzim-je-pomalu-tady\/","wordCount":408,"articleBody":"   Pokud \u010dek\u00e1te na podzim miminko a nebo u\u017e ho m\u00e1te a t\u00e1pete, co mu koupit do podzimn\u00edho \u0161atn\u00edku, pod\u00edvejte se na na\u0161i nab\u00eddku, kde najdete kr\u00e1sn\u00e9 kojeneck\u00e9 tepl\u00e1\u010dky, leg\u00edny Kojeneckeobleceni a dal\u0161\u00ed typy kalhot do podzimn\u00edho po\u010das\u00ed. Je lep\u0161\u00ed m\u00edt nakoupen\u00e9 alespo\u0148 z\u00e1kladn\u00ed podzimn\u00ed kousky do z\u00e1soby koncem l\u00e9ta, proto\u017ee jakmile se p\u0159ehoupne srpen, mnoho maminek za\u010dne br\u00e1t obchody \u00fatokem. Cht\u011bj\u00ed m\u00edt p\u0159ipraven\u00e9 oble\u010den\u00ed v\u010das, aby je nep\u0159ekvapila n\u00e1hl\u00e1 zm\u011bna po\u010das\u00ed.Pokud \u010dek\u00e1te svoje prvn\u00ed miminko a m\u00e1te term\u00edn na podzim, budete u\u017e muset nakupovat p\u0159ev\u00e1\u017en\u011b podzimn\u00ed oble\u010den\u00ed. V\u017edycky je lep\u0161\u00ed ho kupovat ne moc dop\u0159edu, proto\u017ee zejm\u00e9na z podzimn\u00edch a zimn\u00edch v\u011bc\u00ed d\u011bti rostou opravdu rychle. Pokud byste nakoupili spoustu oble\u010den\u00ed, pravd\u011bpodobn\u011b by d\u00edt\u011b v\u011bt\u0161inu z toho nestihlo nosit. Neutr\u00e1cejte zbyte\u010dn\u011b za n\u011bco, co nejsp\u00ed\u0161 ani nepou\u017eijete a rad\u011bji nakupujte s rozmyslem.\u010c\u00edm za\u010d\u00edt? Pokud v\u00e1m jde o to, co by rozhodn\u011b nem\u011blo chyb\u011bt za oble\u010den\u00ed ve v\u00fdbav\u011b, jsou to z\u00e1kladn\u00ed kousky. Nakupujte podle term\u00ednu porodu, a dr\u017ete se z\u00e1sady, \u017ee m\u00e9n\u011b je v\u00edce. Pokud \u010dek\u00e1te d\u00edt\u011b na podzim, ide\u00e1ln\u00ed budou sp\u00ed\u0161e teplej\u0161\u00ed kousky. M\u011bjte ale ve sk\u0159\u00edni i jeden \u010di dva kousky s kr\u00e1tk\u00fdmi ruk\u00e1vy, proto\u017ee \u010dlov\u011bk nikdy nem\u016f\u017ee p\u0159esn\u011b v\u011bd\u011bt, jak\u00e9 bude po\u010das\u00ed. Pokud budete m\u00edt p\u00e1r kousk\u016f s kr\u00e1tk\u00fdmi ruk\u00e1vy doma, budete klidn\u011bj\u0161\u00ed, a v p\u0159\u00edpad\u011b pot\u0159eby nebudete hned muset b\u011b\u017eet do obchodu, ale vychutn\u00e1te si prvn\u00ed chv\u00edle doma s miminkem.Oble\u010den\u00ed pro nejmen\u0161\u00ed by m\u011blo b\u00fdt vyroben\u00e9 p\u0159edev\u0161\u00edm z bavlny, mu\u0161el\u00ednu a nebo bambusu. Jsou to l\u00e1tky, kter\u00e9 jsou m\u011bkk\u00e9, jemn\u00e9 a hebk\u00e9. Jemn\u00e1 poko\u017eka novorozenc\u016f a kojenc\u016f je velice n\u00e1chyln\u00e1 k mechanick\u00e9mu po\u0161kozen\u00ed, a \u0161patn\u011b zvolen\u00e1 l\u00e1tka m\u016f\u017ee poko\u017eku po\u0161kodit. Proto opravdu dbejte na to, do \u010deho svoje miminko budete obl\u00e9kat. Ur\u010dit\u011b nechcete \u0159e\u0161it \u0161kr\u00e1bance ani ekz\u00e9my kv\u016fli nekvalitn\u00edmu oble\u010den\u00ed odn\u011bkud z \u010c\u00edny.                                                                                                                                                                                                                                                                                                                                                                                                  "},{"@context":"https:\/\/schema.org\/","@type":"BreadcrumbList","itemListElement":[{"@type":"ListItem","position":1,"name":"Podzim je pomalu tady","item":"https:\/\/www.chliv.cz\/podzim-je-pomalu-tady\/#breadcrumbitem"}]}]