[{"@context":"https:\/\/schema.org\/","@type":"Blog","@id":"https:\/\/www.chliv.cz#Blog","headline":"Chliv","description":"\nTi, kdo jsou dostate\u010dn\u011b finan\u010dn\u011b zaji\u0161t\u011bni, jsou na tom v\u00a0ka\u017ed\u00e9m ohledu l\u00e9pe ne\u017e ti, jim\u017e se pen\u011bz nedost\u00e1v\u00e1. A nezd\u00e1 se, \u017ee by tomu mohlo b\u00fdt n\u011bkdy jinak.","url":"https:\/\/www.chliv.cz","hasPart":[{"@type":"Article","@id":"https:\/\/www.chliv.cz\/je-vhodne-jit-za-kulturou\/","headline":"Je vhodn\u00e9 j\u00edt za kulturou?","url":"https:\/\/www.chliv.cz\/je-vhodne-jit-za-kulturou\/","datePublished":"2023-08-05","dateModified":"2024-04-05","mainEntityOfPage":"https:\/\/www.chliv.cz\/je-vhodne-jit-za-kulturou\/","author":{"@type":"Person","@id":"https:\/\/www.chliv.cz\/author\/#Person","name":"","url":"https:\/\/www.chliv.cz\/author\/","identifier":1,"image":{"@type":"ImageObject","@id":"https:\/\/secure.gravatar.com\/avatar\/7c144e1de0ecc43e7a8353c804f0c7ea63c9554336576e7048c4bdeaa59bbbbb?s=96&d=mm&r=g","url":"https:\/\/secure.gravatar.com\/avatar\/7c144e1de0ecc43e7a8353c804f0c7ea63c9554336576e7048c4bdeaa59bbbbb?s=96&d=mm&r=g","height":96,"width":96}},"publisher":{"@type":"Organization","name":"chliv.cz","logo":{"@type":"ImageObject","@id":"\/logo.png","url":"\/logo.png","width":600,"height":60}},"image":{"@type":"ImageObject","@id":"https:\/\/www.chliv.cz\/wp-content\/uploads\/curtain-1275200_1280.png","url":"https:\/\/www.chliv.cz\/wp-content\/uploads\/curtain-1275200_1280.png","height":0,"width":0},"wordCount":949,"keywords":null},{"@type":"Article","@id":"https:\/\/www.chliv.cz\/nepropasnete-svoji-prilezitost\/","headline":"Neprop\u00e1sn\u011bte svoji p\u0159\u00edle\u017eitost","url":"https:\/\/www.chliv.cz\/nepropasnete-svoji-prilezitost\/","datePublished":"2023-07-30","dateModified":"2023-07-30","mainEntityOfPage":"https:\/\/www.chliv.cz\/nepropasnete-svoji-prilezitost\/","author":{"@type":"Person","@id":"https:\/\/www.chliv.cz\/author\/#Person","name":"","url":"https:\/\/www.chliv.cz\/author\/","identifier":1,"image":{"@type":"ImageObject","@id":"https:\/\/secure.gravatar.com\/avatar\/7c144e1de0ecc43e7a8353c804f0c7ea63c9554336576e7048c4bdeaa59bbbbb?s=96&d=mm&r=g","url":"https:\/\/secure.gravatar.com\/avatar\/7c144e1de0ecc43e7a8353c804f0c7ea63c9554336576e7048c4bdeaa59bbbbb?s=96&d=mm&r=g","height":96,"width":96}},"publisher":{"@type":"Organization","name":"chliv.cz","logo":{"@type":"ImageObject","@id":"\/logo.png","url":"\/logo.png","width":600,"height":60}},"image":null,"wordCount":277,"keywords":null},{"@type":"Article","@id":"https:\/\/www.chliv.cz\/party-na-zahrade\/","headline":"P\u00e1rty na zahrad\u011b","url":"https:\/\/www.chliv.cz\/party-na-zahrade\/","datePublished":"2023-07-24","dateModified":"2024-04-24","mainEntityOfPage":"https:\/\/www.chliv.cz\/party-na-zahrade\/","author":{"@type":"Person","@id":"https:\/\/www.chliv.cz\/author\/#Person","name":"","url":"https:\/\/www.chliv.cz\/author\/","identifier":1,"image":{"@type":"ImageObject","@id":"https:\/\/secure.gravatar.com\/avatar\/7c144e1de0ecc43e7a8353c804f0c7ea63c9554336576e7048c4bdeaa59bbbbb?s=96&d=mm&r=g","url":"https:\/\/secure.gravatar.com\/avatar\/7c144e1de0ecc43e7a8353c804f0c7ea63c9554336576e7048c4bdeaa59bbbbb?s=96&d=mm&r=g","height":96,"width":96}},"publisher":{"@type":"Organization","name":"chliv.cz","logo":{"@type":"ImageObject","@id":"\/logo.png","url":"\/logo.png","width":600,"height":60}},"image":{"@type":"ImageObject","@id":"https:\/\/www.chliv.cz\/wp-content\/uploads\/spring-2298279_1280_3.jpg","url":"https:\/\/www.chliv.cz\/wp-content\/uploads\/spring-2298279_1280_3.jpg","height":0,"width":0},"wordCount":927,"keywords":null},{"@type":"Article","@id":"https:\/\/www.chliv.cz\/libi-se-vam-kovany-plot\/","headline":"L\u00edb\u00ed se v\u00e1m kovan\u00fd plot","url":"https:\/\/www.chliv.cz\/libi-se-vam-kovany-plot\/","datePublished":"2023-07-20","dateModified":"2023-07-20","mainEntityOfPage":"https:\/\/www.chliv.cz\/libi-se-vam-kovany-plot\/","author":{"@type":"Person","@id":"https:\/\/www.chliv.cz\/author\/#Person","name":"","url":"https:\/\/www.chliv.cz\/author\/","identifier":1,"image":{"@type":"ImageObject","@id":"https:\/\/secure.gravatar.com\/avatar\/7c144e1de0ecc43e7a8353c804f0c7ea63c9554336576e7048c4bdeaa59bbbbb?s=96&d=mm&r=g","url":"https:\/\/secure.gravatar.com\/avatar\/7c144e1de0ecc43e7a8353c804f0c7ea63c9554336576e7048c4bdeaa59bbbbb?s=96&d=mm&r=g","height":96,"width":96}},"publisher":{"@type":"Organization","name":"chliv.cz","logo":{"@type":"ImageObject","@id":"\/logo.png","url":"\/logo.png","width":600,"height":60}},"image":{"@type":"ImageObject","@id":"https:\/\/www.chliv.cz\/wp-content\/uploads\/iron-gate-1623303_640_2.jpg","url":"https:\/\/www.chliv.cz\/wp-content\/uploads\/iron-gate-1623303_640_2.jpg","height":0,"width":0},"wordCount":597,"keywords":null},{"@type":"Article","@id":"https:\/\/www.chliv.cz\/cestujete-za-sluncem\/","headline":"Cestujete za sluncem?","url":"https:\/\/www.chliv.cz\/cestujete-za-sluncem\/","datePublished":"2023-07-15","dateModified":"2023-07-15","mainEntityOfPage":"https:\/\/www.chliv.cz\/cestujete-za-sluncem\/","author":{"@type":"Person","@id":"https:\/\/www.chliv.cz\/author\/#Person","name":"","url":"https:\/\/www.chliv.cz\/author\/","identifier":1,"image":{"@type":"ImageObject","@id":"https:\/\/secure.gravatar.com\/avatar\/7c144e1de0ecc43e7a8353c804f0c7ea63c9554336576e7048c4bdeaa59bbbbb?s=96&d=mm&r=g","url":"https:\/\/secure.gravatar.com\/avatar\/7c144e1de0ecc43e7a8353c804f0c7ea63c9554336576e7048c4bdeaa59bbbbb?s=96&d=mm&r=g","height":96,"width":96}},"publisher":{"@type":"Organization","name":"chliv.cz","logo":{"@type":"ImageObject","@id":"\/logo.png","url":"\/logo.png","width":600,"height":60}},"image":{"@type":"ImageObject","@id":"https:\/\/www.chliv.cz\/wp-content\/uploads\/appartments-2318379_640_10_10_10_5.jpg","url":"https:\/\/www.chliv.cz\/wp-content\/uploads\/appartments-2318379_640_10_10_10_5.jpg","height":0,"width":0},"wordCount":507,"keywords":null},{"@type":"Article","@id":"https:\/\/www.chliv.cz\/selvintech-s-r-o-je-spolecnost-s-tradici\/","headline":"Selvintech s.r.o. je spole\u010dnost s tradic\u00ed","url":"https:\/\/www.chliv.cz\/selvintech-s-r-o-je-spolecnost-s-tradici\/","datePublished":"2023-06-26","dateModified":"2024-06-29","mainEntityOfPage":"https:\/\/www.chliv.cz\/selvintech-s-r-o-je-spolecnost-s-tradici\/","author":{"@type":"Person","@id":"https:\/\/www.chliv.cz\/author\/#Person","name":"","url":"https:\/\/www.chliv.cz\/author\/","identifier":1,"image":{"@type":"ImageObject","@id":"https:\/\/secure.gravatar.com\/avatar\/7c144e1de0ecc43e7a8353c804f0c7ea63c9554336576e7048c4bdeaa59bbbbb?s=96&d=mm&r=g","url":"https:\/\/secure.gravatar.com\/avatar\/7c144e1de0ecc43e7a8353c804f0c7ea63c9554336576e7048c4bdeaa59bbbbb?s=96&d=mm&r=g","height":96,"width":96}},"publisher":{"@type":"Organization","name":"chliv.cz","logo":{"@type":"ImageObject","@id":"\/logo.png","url":"\/logo.png","width":600,"height":60}},"image":null,"wordCount":270,"keywords":null},{"@type":"Article","@id":"https:\/\/www.chliv.cz\/siroka-nabidka\/","headline":"\u0160irok\u00e1 nab\u00eddka","url":"https:\/\/www.chliv.cz\/siroka-nabidka\/","datePublished":"2023-05-08","dateModified":"2024-05-11","mainEntityOfPage":"https:\/\/www.chliv.cz\/siroka-nabidka\/","author":{"@type":"Person","@id":"https:\/\/www.chliv.cz\/author\/#Person","name":"","url":"https:\/\/www.chliv.cz\/author\/","identifier":1,"image":{"@type":"ImageObject","@id":"https:\/\/secure.gravatar.com\/avatar\/7c144e1de0ecc43e7a8353c804f0c7ea63c9554336576e7048c4bdeaa59bbbbb?s=96&d=mm&r=g","url":"https:\/\/secure.gravatar.com\/avatar\/7c144e1de0ecc43e7a8353c804f0c7ea63c9554336576e7048c4bdeaa59bbbbb?s=96&d=mm&r=g","height":96,"width":96}},"publisher":{"@type":"Organization","name":"chliv.cz","logo":{"@type":"ImageObject","@id":"\/logo.png","url":"\/logo.png","width":600,"height":60}},"image":null,"wordCount":518,"keywords":null},{"@type":"Article","@id":"https:\/\/www.chliv.cz\/hledate-seriozni-ubytovaci-sluzby\/","headline":"Hled\u00e1te seri\u00f3zn\u00ed ubytovac\u00ed slu\u017eby?","url":"https:\/\/www.chliv.cz\/hledate-seriozni-ubytovaci-sluzby\/","datePublished":"2023-04-01","dateModified":"2024-04-05","mainEntityOfPage":"https:\/\/www.chliv.cz\/hledate-seriozni-ubytovaci-sluzby\/","author":{"@type":"Person","@id":"https:\/\/www.chliv.cz\/author\/#Person","name":"","url":"https:\/\/www.chliv.cz\/author\/","identifier":1,"image":{"@type":"ImageObject","@id":"https:\/\/secure.gravatar.com\/avatar\/7c144e1de0ecc43e7a8353c804f0c7ea63c9554336576e7048c4bdeaa59bbbbb?s=96&d=mm&r=g","url":"https:\/\/secure.gravatar.com\/avatar\/7c144e1de0ecc43e7a8353c804f0c7ea63c9554336576e7048c4bdeaa59bbbbb?s=96&d=mm&r=g","height":96,"width":96}},"publisher":{"@type":"Organization","name":"chliv.cz","logo":{"@type":"ImageObject","@id":"\/logo.png","url":"\/logo.png","width":600,"height":60}},"image":null,"wordCount":494,"keywords":null},{"@type":"Article","@id":"https:\/\/www.chliv.cz\/prezentace-uklidove-firmy-zacina-na-internetu\/","headline":"Prezentace \u00faklidov\u00e9 firmy za\u010d\u00edn\u00e1 na Internetu","url":"https:\/\/www.chliv.cz\/prezentace-uklidove-firmy-zacina-na-internetu\/","datePublished":"2023-02-28","dateModified":"2023-06-14","mainEntityOfPage":"https:\/\/www.chliv.cz\/prezentace-uklidove-firmy-zacina-na-internetu\/","author":{"@type":"Person","@id":"https:\/\/www.chliv.cz\/author\/#Person","name":"","url":"https:\/\/www.chliv.cz\/author\/","identifier":1,"image":{"@type":"ImageObject","@id":"https:\/\/secure.gravatar.com\/avatar\/7c144e1de0ecc43e7a8353c804f0c7ea63c9554336576e7048c4bdeaa59bbbbb?s=96&d=mm&r=g","url":"https:\/\/secure.gravatar.com\/avatar\/7c144e1de0ecc43e7a8353c804f0c7ea63c9554336576e7048c4bdeaa59bbbbb?s=96&d=mm&r=g","height":96,"width":96}},"publisher":{"@type":"Organization","name":"chliv.cz","logo":{"@type":"ImageObject","@id":"\/logo.png","url":"\/logo.png","width":600,"height":60}},"image":{"@type":"ImageObject","@id":"https:\/\/www.chliv.cz\/wp-content\/uploads\/seo-gda7e17415_640.jpg","url":"https:\/\/www.chliv.cz\/wp-content\/uploads\/seo-gda7e17415_640.jpg","height":0,"width":0},"wordCount":666,"keywords":null},{"@type":"Article","@id":"https:\/\/www.chliv.cz\/nase-nabidka-tiskarskych-sluzeb-je-urcena-pro-privatni-i-komercni-ucely\/","headline":"Na\u0161e nab\u00eddka tiska\u0159sk\u00fdch slu\u017eeb je ur\u010dena pro priv\u00e1tn\u00ed i komer\u010dn\u00ed \u00fa\u010dely","url":"https:\/\/www.chliv.cz\/nase-nabidka-tiskarskych-sluzeb-je-urcena-pro-privatni-i-komercni-ucely\/","datePublished":"2023-02-24","dateModified":"2024-02-28","mainEntityOfPage":"https:\/\/www.chliv.cz\/nase-nabidka-tiskarskych-sluzeb-je-urcena-pro-privatni-i-komercni-ucely\/","author":{"@type":"Person","@id":"https:\/\/www.chliv.cz\/author\/#Person","name":"","url":"https:\/\/www.chliv.cz\/author\/","identifier":1,"image":{"@type":"ImageObject","@id":"https:\/\/secure.gravatar.com\/avatar\/7c144e1de0ecc43e7a8353c804f0c7ea63c9554336576e7048c4bdeaa59bbbbb?s=96&d=mm&r=g","url":"https:\/\/secure.gravatar.com\/avatar\/7c144e1de0ecc43e7a8353c804f0c7ea63c9554336576e7048c4bdeaa59bbbbb?s=96&d=mm&r=g","height":96,"width":96}},"publisher":{"@type":"Organization","name":"chliv.cz","logo":{"@type":"ImageObject","@id":"\/logo.png","url":"\/logo.png","width":600,"height":60}},"image":null,"wordCount":463,"keywords":null}]},{"@context":"https:\/\/schema.org","@type":"WebSite","@id":"https:\/\/www.chliv.cz\/#website","name":"Chliv","url":"https:\/\/www.chliv.cz","potentialAction":{"@type":"SearchAction","target":"https:\/\/www.chliv.cz\/?s={search_term_string}","query-input":"required name=search_term_string"}}]