[{"@context":"https:\/\/schema.org\/","@type":"Blog","@id":"https:\/\/www.chliv.cz#Blog","headline":"Chliv","description":"\nTi, kdo jsou dostate\u010dn\u011b finan\u010dn\u011b zaji\u0161t\u011bni, jsou na tom v\u00a0ka\u017ed\u00e9m ohledu l\u00e9pe ne\u017e ti, jim\u017e se pen\u011bz nedost\u00e1v\u00e1. A nezd\u00e1 se, \u017ee by tomu mohlo b\u00fdt n\u011bkdy jinak.","url":"https:\/\/www.chliv.cz","hasPart":[{"@type":"Article","@id":"https:\/\/www.chliv.cz\/nikdo-nechce-vzpominat-na-to-jak-uviznul-na-dalnici\/","headline":"Nikdo nechce vzpom\u00ednat na to, jak uv\u00edznul na d\u00e1lnici","url":"https:\/\/www.chliv.cz\/nikdo-nechce-vzpominat-na-to-jak-uviznul-na-dalnici\/","datePublished":"2024-11-05","dateModified":"2024-11-05","mainEntityOfPage":"https:\/\/www.chliv.cz\/nikdo-nechce-vzpominat-na-to-jak-uviznul-na-dalnici\/","author":{"@type":"Person","@id":"https:\/\/www.chliv.cz\/author\/#Person","name":"","url":"https:\/\/www.chliv.cz\/author\/","identifier":1,"image":{"@type":"ImageObject","@id":"https:\/\/secure.gravatar.com\/avatar\/7c144e1de0ecc43e7a8353c804f0c7ea63c9554336576e7048c4bdeaa59bbbbb?s=96&d=mm&r=g","url":"https:\/\/secure.gravatar.com\/avatar\/7c144e1de0ecc43e7a8353c804f0c7ea63c9554336576e7048c4bdeaa59bbbbb?s=96&d=mm&r=g","height":96,"width":96}},"publisher":{"@type":"Organization","name":"chliv.cz","logo":{"@type":"ImageObject","@id":"\/logo.png","url":"\/logo.png","width":600,"height":60}},"image":null,"wordCount":299,"keywords":null},{"@type":"Article","@id":"https:\/\/www.chliv.cz\/jenom-nase-masky-vam-dokazi-poskytnout-hruzostrasny-vzhled\/","headline":"Jenom na\u0161e masky v\u00e1m dok\u00e1\u017e\u00ed poskytnout hr\u016fzostra\u0161n\u00fd vzhled","url":"https:\/\/www.chliv.cz\/jenom-nase-masky-vam-dokazi-poskytnout-hruzostrasny-vzhled\/","datePublished":"2024-10-31","dateModified":"2024-10-31","mainEntityOfPage":"https:\/\/www.chliv.cz\/jenom-nase-masky-vam-dokazi-poskytnout-hruzostrasny-vzhled\/","author":{"@type":"Person","@id":"https:\/\/www.chliv.cz\/author\/#Person","name":"","url":"https:\/\/www.chliv.cz\/author\/","identifier":1,"image":{"@type":"ImageObject","@id":"https:\/\/secure.gravatar.com\/avatar\/7c144e1de0ecc43e7a8353c804f0c7ea63c9554336576e7048c4bdeaa59bbbbb?s=96&d=mm&r=g","url":"https:\/\/secure.gravatar.com\/avatar\/7c144e1de0ecc43e7a8353c804f0c7ea63c9554336576e7048c4bdeaa59bbbbb?s=96&d=mm&r=g","height":96,"width":96}},"publisher":{"@type":"Organization","name":"chliv.cz","logo":{"@type":"ImageObject","@id":"\/logo.png","url":"\/logo.png","width":600,"height":60}},"image":null,"wordCount":287,"keywords":null},{"@type":"Article","@id":"https:\/\/www.chliv.cz\/moznost-zcela-pro-kazdeho\/","headline":"Mo\u017enost zcela pro ka\u017ed\u00e9ho","url":"https:\/\/www.chliv.cz\/moznost-zcela-pro-kazdeho\/","datePublished":"2024-10-20","dateModified":"2024-10-20","mainEntityOfPage":"https:\/\/www.chliv.cz\/moznost-zcela-pro-kazdeho\/","author":{"@type":"Person","@id":"https:\/\/www.chliv.cz\/author\/#Person","name":"","url":"https:\/\/www.chliv.cz\/author\/","identifier":1,"image":{"@type":"ImageObject","@id":"https:\/\/secure.gravatar.com\/avatar\/7c144e1de0ecc43e7a8353c804f0c7ea63c9554336576e7048c4bdeaa59bbbbb?s=96&d=mm&r=g","url":"https:\/\/secure.gravatar.com\/avatar\/7c144e1de0ecc43e7a8353c804f0c7ea63c9554336576e7048c4bdeaa59bbbbb?s=96&d=mm&r=g","height":96,"width":96}},"publisher":{"@type":"Organization","name":"chliv.cz","logo":{"@type":"ImageObject","@id":"\/logo.png","url":"\/logo.png","width":600,"height":60}},"image":null,"wordCount":301,"keywords":null},{"@type":"Article","@id":"https:\/\/www.chliv.cz\/muj-internet\/","headline":"M\u016fj internet","url":"https:\/\/www.chliv.cz\/muj-internet\/","datePublished":"2024-09-27","dateModified":"2024-09-27","mainEntityOfPage":"https:\/\/www.chliv.cz\/muj-internet\/","author":{"@type":"Person","@id":"https:\/\/www.chliv.cz\/author\/#Person","name":"","url":"https:\/\/www.chliv.cz\/author\/","identifier":1,"image":{"@type":"ImageObject","@id":"https:\/\/secure.gravatar.com\/avatar\/7c144e1de0ecc43e7a8353c804f0c7ea63c9554336576e7048c4bdeaa59bbbbb?s=96&d=mm&r=g","url":"https:\/\/secure.gravatar.com\/avatar\/7c144e1de0ecc43e7a8353c804f0c7ea63c9554336576e7048c4bdeaa59bbbbb?s=96&d=mm&r=g","height":96,"width":96}},"publisher":{"@type":"Organization","name":"chliv.cz","logo":{"@type":"ImageObject","@id":"\/logo.png","url":"\/logo.png","width":600,"height":60}},"image":{"@type":"ImageObject","@id":"https:\/\/www.chliv.cz\/wp-content\/uploads\/hands-2178566_1280_6.jpg","url":"https:\/\/www.chliv.cz\/wp-content\/uploads\/hands-2178566_1280_6.jpg","height":0,"width":0},"wordCount":563,"keywords":null},{"@type":"Article","@id":"https:\/\/www.chliv.cz\/co-vsechno-vam-mohou-nabidnout-stavebni-firmy\/","headline":"Co v\u0161echno V\u00e1m mohou nab\u00eddnout stavebn\u00ed firmy.","url":"https:\/\/www.chliv.cz\/co-vsechno-vam-mohou-nabidnout-stavebni-firmy\/","datePublished":"2024-09-10","dateModified":"2024-09-10","mainEntityOfPage":"https:\/\/www.chliv.cz\/co-vsechno-vam-mohou-nabidnout-stavebni-firmy\/","author":{"@type":"Person","@id":"https:\/\/www.chliv.cz\/author\/#Person","name":"","url":"https:\/\/www.chliv.cz\/author\/","identifier":1,"image":{"@type":"ImageObject","@id":"https:\/\/secure.gravatar.com\/avatar\/7c144e1de0ecc43e7a8353c804f0c7ea63c9554336576e7048c4bdeaa59bbbbb?s=96&d=mm&r=g","url":"https:\/\/secure.gravatar.com\/avatar\/7c144e1de0ecc43e7a8353c804f0c7ea63c9554336576e7048c4bdeaa59bbbbb?s=96&d=mm&r=g","height":96,"width":96}},"publisher":{"@type":"Organization","name":"chliv.cz","logo":{"@type":"ImageObject","@id":"\/logo.png","url":"\/logo.png","width":600,"height":60}},"image":{"@type":"ImageObject","@id":"https:\/\/www.chliv.cz\/wp-content\/uploads\/construction-worker-956496_640.jpg","url":"https:\/\/www.chliv.cz\/wp-content\/uploads\/construction-worker-956496_640.jpg","height":0,"width":0},"wordCount":545,"keywords":null},{"@type":"Article","@id":"https:\/\/www.chliv.cz\/podzim-je-pomalu-tady\/","headline":"Podzim je pomalu tady","url":"https:\/\/www.chliv.cz\/podzim-je-pomalu-tady\/","datePublished":"2024-07-13","dateModified":"2024-07-13","mainEntityOfPage":"https:\/\/www.chliv.cz\/podzim-je-pomalu-tady\/","author":{"@type":"Person","@id":"https:\/\/www.chliv.cz\/author\/#Person","name":"","url":"https:\/\/www.chliv.cz\/author\/","identifier":1,"image":{"@type":"ImageObject","@id":"https:\/\/secure.gravatar.com\/avatar\/7c144e1de0ecc43e7a8353c804f0c7ea63c9554336576e7048c4bdeaa59bbbbb?s=96&d=mm&r=g","url":"https:\/\/secure.gravatar.com\/avatar\/7c144e1de0ecc43e7a8353c804f0c7ea63c9554336576e7048c4bdeaa59bbbbb?s=96&d=mm&r=g","height":96,"width":96}},"publisher":{"@type":"Organization","name":"chliv.cz","logo":{"@type":"ImageObject","@id":"\/logo.png","url":"\/logo.png","width":600,"height":60}},"image":{"@type":"ImageObject","@id":"https:\/\/www.chliv.cz\/wp-content\/uploads\/baby-g9e110ab0a_640_10_1.jpg","url":"https:\/\/www.chliv.cz\/wp-content\/uploads\/baby-g9e110ab0a_640_10_1.jpg","height":0,"width":0},"wordCount":525,"keywords":null},{"@type":"Article","@id":"https:\/\/www.chliv.cz\/nebudte-hrdinove\/","headline":"Nebu\u010fte hrdinov\u00e9.","url":"https:\/\/www.chliv.cz\/nebudte-hrdinove\/","datePublished":"2024-04-27","dateModified":"2024-04-27","mainEntityOfPage":"https:\/\/www.chliv.cz\/nebudte-hrdinove\/","author":{"@type":"Person","@id":"https:\/\/www.chliv.cz\/author\/#Person","name":"","url":"https:\/\/www.chliv.cz\/author\/","identifier":1,"image":{"@type":"ImageObject","@id":"https:\/\/secure.gravatar.com\/avatar\/7c144e1de0ecc43e7a8353c804f0c7ea63c9554336576e7048c4bdeaa59bbbbb?s=96&d=mm&r=g","url":"https:\/\/secure.gravatar.com\/avatar\/7c144e1de0ecc43e7a8353c804f0c7ea63c9554336576e7048c4bdeaa59bbbbb?s=96&d=mm&r=g","height":96,"width":96}},"publisher":{"@type":"Organization","name":"chliv.cz","logo":{"@type":"ImageObject","@id":"\/logo.png","url":"\/logo.png","width":600,"height":60}},"image":{"@type":"ImageObject","@id":"https:\/\/www.chliv.cz\/wp-content\/uploads\/cctv-2417559_640_1.jpg","url":"https:\/\/www.chliv.cz\/wp-content\/uploads\/cctv-2417559_640_1.jpg","height":0,"width":0},"wordCount":560,"keywords":null},{"@type":"Article","@id":"https:\/\/www.chliv.cz\/najde-se-nekdo\/","headline":"Najde se n\u011bkdo?","url":"https:\/\/www.chliv.cz\/najde-se-nekdo\/","datePublished":"2024-04-24","dateModified":"2024-04-24","mainEntityOfPage":"https:\/\/www.chliv.cz\/najde-se-nekdo\/","author":{"@type":"Person","@id":"https:\/\/www.chliv.cz\/author\/#Person","name":"","url":"https:\/\/www.chliv.cz\/author\/","identifier":1,"image":{"@type":"ImageObject","@id":"https:\/\/secure.gravatar.com\/avatar\/7c144e1de0ecc43e7a8353c804f0c7ea63c9554336576e7048c4bdeaa59bbbbb?s=96&d=mm&r=g","url":"https:\/\/secure.gravatar.com\/avatar\/7c144e1de0ecc43e7a8353c804f0c7ea63c9554336576e7048c4bdeaa59bbbbb?s=96&d=mm&r=g","height":96,"width":96}},"publisher":{"@type":"Organization","name":"chliv.cz","logo":{"@type":"ImageObject","@id":"\/logo.png","url":"\/logo.png","width":600,"height":60}},"image":null,"wordCount":297,"keywords":null},{"@type":"Article","@id":"https:\/\/www.chliv.cz\/rucni-akupunktura\/","headline":"Ru\u010dn\u00ed akupunktura","url":"https:\/\/www.chliv.cz\/rucni-akupunktura\/","datePublished":"2024-04-17","dateModified":"2024-04-17","mainEntityOfPage":"https:\/\/www.chliv.cz\/rucni-akupunktura\/","author":{"@type":"Person","@id":"https:\/\/www.chliv.cz\/author\/#Person","name":"","url":"https:\/\/www.chliv.cz\/author\/","identifier":1,"image":{"@type":"ImageObject","@id":"https:\/\/secure.gravatar.com\/avatar\/7c144e1de0ecc43e7a8353c804f0c7ea63c9554336576e7048c4bdeaa59bbbbb?s=96&d=mm&r=g","url":"https:\/\/secure.gravatar.com\/avatar\/7c144e1de0ecc43e7a8353c804f0c7ea63c9554336576e7048c4bdeaa59bbbbb?s=96&d=mm&r=g","height":96,"width":96}},"publisher":{"@type":"Organization","name":"chliv.cz","logo":{"@type":"ImageObject","@id":"\/logo.png","url":"\/logo.png","width":600,"height":60}},"image":null,"wordCount":251,"keywords":null},{"@type":"Article","@id":"https:\/\/www.chliv.cz\/proc-si-rekonstrukci-kominu-zaridit-prave-u-nas\/","headline":"Pro\u010d si rekonstrukci kom\u00ednu za\u0159\u00eddit pr\u00e1v\u011b u n\u00e1s?","url":"https:\/\/www.chliv.cz\/proc-si-rekonstrukci-kominu-zaridit-prave-u-nas\/","datePublished":"2024-04-09","dateModified":"2024-04-09","mainEntityOfPage":"https:\/\/www.chliv.cz\/proc-si-rekonstrukci-kominu-zaridit-prave-u-nas\/","author":{"@type":"Person","@id":"https:\/\/www.chliv.cz\/author\/#Person","name":"","url":"https:\/\/www.chliv.cz\/author\/","identifier":1,"image":{"@type":"ImageObject","@id":"https:\/\/secure.gravatar.com\/avatar\/7c144e1de0ecc43e7a8353c804f0c7ea63c9554336576e7048c4bdeaa59bbbbb?s=96&d=mm&r=g","url":"https:\/\/secure.gravatar.com\/avatar\/7c144e1de0ecc43e7a8353c804f0c7ea63c9554336576e7048c4bdeaa59bbbbb?s=96&d=mm&r=g","height":96,"width":96}},"publisher":{"@type":"Organization","name":"chliv.cz","logo":{"@type":"ImageObject","@id":"\/logo.png","url":"\/logo.png","width":600,"height":60}},"image":null,"wordCount":270,"keywords":null}]},{"@context":"https:\/\/schema.org","@type":"WebSite","@id":"https:\/\/www.chliv.cz\/#website","name":"Chliv","url":"https:\/\/www.chliv.cz","potentialAction":{"@type":"SearchAction","target":"https:\/\/www.chliv.cz\/?s={search_term_string}","query-input":"required name=search_term_string"}}]