[{"@context":"https:\/\/schema.org\/","@type":"Blog","@id":"https:\/\/www.chliv.cz#Blog","headline":"Chliv","description":"\nTi, kdo jsou dostate\u010dn\u011b finan\u010dn\u011b zaji\u0161t\u011bni, jsou na tom v\u00a0ka\u017ed\u00e9m ohledu l\u00e9pe ne\u017e ti, jim\u017e se pen\u011bz nedost\u00e1v\u00e1. A nezd\u00e1 se, \u017ee by tomu mohlo b\u00fdt n\u011bkdy jinak.","url":"https:\/\/www.chliv.cz","hasPart":[{"@type":"Article","@id":"https:\/\/www.chliv.cz\/vite-ze-bolesti-zad-mohou-zpusobit-spatne-matrace\/","headline":"V\u00edte, \u017ee bolesti zad mohou zp\u016fsobit \u0161patn\u00e9 matrace?","url":"https:\/\/www.chliv.cz\/vite-ze-bolesti-zad-mohou-zpusobit-spatne-matrace\/","datePublished":"2025-01-25","dateModified":"2025-01-25","mainEntityOfPage":"https:\/\/www.chliv.cz\/vite-ze-bolesti-zad-mohou-zpusobit-spatne-matrace\/","author":{"@type":"Person","@id":"https:\/\/www.chliv.cz\/author\/#Person","name":"","url":"https:\/\/www.chliv.cz\/author\/","identifier":1,"image":{"@type":"ImageObject","@id":"https:\/\/secure.gravatar.com\/avatar\/7c144e1de0ecc43e7a8353c804f0c7ea63c9554336576e7048c4bdeaa59bbbbb?s=96&d=mm&r=g","url":"https:\/\/secure.gravatar.com\/avatar\/7c144e1de0ecc43e7a8353c804f0c7ea63c9554336576e7048c4bdeaa59bbbbb?s=96&d=mm&r=g","height":96,"width":96}},"publisher":{"@type":"Organization","name":"chliv.cz","logo":{"@type":"ImageObject","@id":"\/logo.png","url":"\/logo.png","width":600,"height":60}},"image":null,"wordCount":262,"keywords":null},{"@type":"Article","@id":"https:\/\/www.chliv.cz\/jak-dulezity-je-rozpocet-u-vaseho-sazeni\/","headline":"Jak d\u016fle\u017eit\u00fd je rozpo\u010det u va\u0161eho s\u00e1zen\u00ed?","url":"https:\/\/www.chliv.cz\/jak-dulezity-je-rozpocet-u-vaseho-sazeni\/","datePublished":"2025-01-21","dateModified":"2025-01-21","mainEntityOfPage":"https:\/\/www.chliv.cz\/jak-dulezity-je-rozpocet-u-vaseho-sazeni\/","author":{"@type":"Person","@id":"https:\/\/www.chliv.cz\/author\/#Person","name":"","url":"https:\/\/www.chliv.cz\/author\/","identifier":1,"image":{"@type":"ImageObject","@id":"https:\/\/secure.gravatar.com\/avatar\/7c144e1de0ecc43e7a8353c804f0c7ea63c9554336576e7048c4bdeaa59bbbbb?s=96&d=mm&r=g","url":"https:\/\/secure.gravatar.com\/avatar\/7c144e1de0ecc43e7a8353c804f0c7ea63c9554336576e7048c4bdeaa59bbbbb?s=96&d=mm&r=g","height":96,"width":96}},"publisher":{"@type":"Organization","name":"chliv.cz","logo":{"@type":"ImageObject","@id":"\/logo.png","url":"\/logo.png","width":600,"height":60}},"image":{"@type":"ImageObject","@id":"https:\/\/www.chliv.cz\/wp-content\/uploads\/joshua-hoehne-Rrcyop6jvDA-unsplash.jpg","url":"https:\/\/www.chliv.cz\/wp-content\/uploads\/joshua-hoehne-Rrcyop6jvDA-unsplash.jpg","height":0,"width":0},"wordCount":599,"keywords":null},{"@type":"Article","@id":"https:\/\/www.chliv.cz\/dekoracni-latky-si-najdou-mnoho-vyuziti\/","headline":"Dekora\u010dn\u00ed l\u00e1tky si najdou mnoho vyu\u017eit\u00ed","url":"https:\/\/www.chliv.cz\/dekoracni-latky-si-najdou-mnoho-vyuziti\/","datePublished":"2025-01-20","dateModified":"2025-01-20","mainEntityOfPage":"https:\/\/www.chliv.cz\/dekoracni-latky-si-najdou-mnoho-vyuziti\/","author":{"@type":"Person","@id":"https:\/\/www.chliv.cz\/author\/#Person","name":"","url":"https:\/\/www.chliv.cz\/author\/","identifier":1,"image":{"@type":"ImageObject","@id":"https:\/\/secure.gravatar.com\/avatar\/7c144e1de0ecc43e7a8353c804f0c7ea63c9554336576e7048c4bdeaa59bbbbb?s=96&d=mm&r=g","url":"https:\/\/secure.gravatar.com\/avatar\/7c144e1de0ecc43e7a8353c804f0c7ea63c9554336576e7048c4bdeaa59bbbbb?s=96&d=mm&r=g","height":96,"width":96}},"publisher":{"@type":"Organization","name":"chliv.cz","logo":{"@type":"ImageObject","@id":"\/logo.png","url":"\/logo.png","width":600,"height":60}},"image":null,"wordCount":248,"keywords":null},{"@type":"Article","@id":"https:\/\/www.chliv.cz\/ready-made-spolecnosti\/","headline":"Ready made spole\u010dnosti","url":"https:\/\/www.chliv.cz\/ready-made-spolecnosti\/","datePublished":"2025-01-14","dateModified":"2025-01-14","mainEntityOfPage":"https:\/\/www.chliv.cz\/ready-made-spolecnosti\/","author":{"@type":"Person","@id":"https:\/\/www.chliv.cz\/author\/#Person","name":"","url":"https:\/\/www.chliv.cz\/author\/","identifier":1,"image":{"@type":"ImageObject","@id":"https:\/\/secure.gravatar.com\/avatar\/7c144e1de0ecc43e7a8353c804f0c7ea63c9554336576e7048c4bdeaa59bbbbb?s=96&d=mm&r=g","url":"https:\/\/secure.gravatar.com\/avatar\/7c144e1de0ecc43e7a8353c804f0c7ea63c9554336576e7048c4bdeaa59bbbbb?s=96&d=mm&r=g","height":96,"width":96}},"publisher":{"@type":"Organization","name":"chliv.cz","logo":{"@type":"ImageObject","@id":"\/logo.png","url":"\/logo.png","width":600,"height":60}},"image":null,"wordCount":224,"keywords":null},{"@type":"Article","@id":"https:\/\/www.chliv.cz\/pronajem-leseni-i-s-vystavbou\/","headline":"Pron\u00e1jem le\u0161en\u00ed i s v\u00fdstavbou","url":"https:\/\/www.chliv.cz\/pronajem-leseni-i-s-vystavbou\/","datePublished":"2025-01-11","dateModified":"2025-01-11","mainEntityOfPage":"https:\/\/www.chliv.cz\/pronajem-leseni-i-s-vystavbou\/","author":{"@type":"Person","@id":"https:\/\/www.chliv.cz\/author\/#Person","name":"","url":"https:\/\/www.chliv.cz\/author\/","identifier":1,"image":{"@type":"ImageObject","@id":"https:\/\/secure.gravatar.com\/avatar\/7c144e1de0ecc43e7a8353c804f0c7ea63c9554336576e7048c4bdeaa59bbbbb?s=96&d=mm&r=g","url":"https:\/\/secure.gravatar.com\/avatar\/7c144e1de0ecc43e7a8353c804f0c7ea63c9554336576e7048c4bdeaa59bbbbb?s=96&d=mm&r=g","height":96,"width":96}},"publisher":{"@type":"Organization","name":"chliv.cz","logo":{"@type":"ImageObject","@id":"\/logo.png","url":"\/logo.png","width":600,"height":60}},"image":{"@type":"ImageObject","@id":"https:\/\/www.chliv.cz\/wp-content\/uploads\/construction-site-592458_640_4.jpg","url":"https:\/\/www.chliv.cz\/wp-content\/uploads\/construction-site-592458_640_4.jpg","height":0,"width":0},"wordCount":540,"keywords":null},{"@type":"Article","@id":"https:\/\/www.chliv.cz\/rekni-mi-co-jis-a-ja-ti-reknu-co-jist-mas\/","headline":"\u0158ekni mi, co j\u00ed\u0161 a j\u00e1 ti \u0159eknu, co j\u00edst m\u00e1\u0161","url":"https:\/\/www.chliv.cz\/rekni-mi-co-jis-a-ja-ti-reknu-co-jist-mas\/","datePublished":"2025-01-05","dateModified":"2025-01-05","mainEntityOfPage":"https:\/\/www.chliv.cz\/rekni-mi-co-jis-a-ja-ti-reknu-co-jist-mas\/","author":{"@type":"Person","@id":"https:\/\/www.chliv.cz\/author\/#Person","name":"","url":"https:\/\/www.chliv.cz\/author\/","identifier":1,"image":{"@type":"ImageObject","@id":"https:\/\/secure.gravatar.com\/avatar\/7c144e1de0ecc43e7a8353c804f0c7ea63c9554336576e7048c4bdeaa59bbbbb?s=96&d=mm&r=g","url":"https:\/\/secure.gravatar.com\/avatar\/7c144e1de0ecc43e7a8353c804f0c7ea63c9554336576e7048c4bdeaa59bbbbb?s=96&d=mm&r=g","height":96,"width":96}},"publisher":{"@type":"Organization","name":"chliv.cz","logo":{"@type":"ImageObject","@id":"\/logo.png","url":"\/logo.png","width":600,"height":60}},"image":null,"wordCount":291,"keywords":null},{"@type":"Article","@id":"https:\/\/www.chliv.cz\/kvalitni-cesky-bytovy-textil\/","headline":"Kvalitn\u00ed \u010desk\u00fd bytov\u00fd textil","url":"https:\/\/www.chliv.cz\/kvalitni-cesky-bytovy-textil\/","datePublished":"2024-12-28","dateModified":"2024-12-28","mainEntityOfPage":"https:\/\/www.chliv.cz\/kvalitni-cesky-bytovy-textil\/","author":{"@type":"Person","@id":"https:\/\/www.chliv.cz\/author\/#Person","name":"","url":"https:\/\/www.chliv.cz\/author\/","identifier":1,"image":{"@type":"ImageObject","@id":"https:\/\/secure.gravatar.com\/avatar\/7c144e1de0ecc43e7a8353c804f0c7ea63c9554336576e7048c4bdeaa59bbbbb?s=96&d=mm&r=g","url":"https:\/\/secure.gravatar.com\/avatar\/7c144e1de0ecc43e7a8353c804f0c7ea63c9554336576e7048c4bdeaa59bbbbb?s=96&d=mm&r=g","height":96,"width":96}},"publisher":{"@type":"Organization","name":"chliv.cz","logo":{"@type":"ImageObject","@id":"\/logo.png","url":"\/logo.png","width":600,"height":60}},"image":null,"wordCount":216,"keywords":null},{"@type":"Article","@id":"https:\/\/www.chliv.cz\/ziskejte-si-moc-ve-meste\/","headline":"Z\u00edskejte si moc ve m\u011bst\u011b!","url":"https:\/\/www.chliv.cz\/ziskejte-si-moc-ve-meste\/","datePublished":"2024-12-25","dateModified":"2024-12-25","mainEntityOfPage":"https:\/\/www.chliv.cz\/ziskejte-si-moc-ve-meste\/","author":{"@type":"Person","@id":"https:\/\/www.chliv.cz\/author\/#Person","name":"","url":"https:\/\/www.chliv.cz\/author\/","identifier":1,"image":{"@type":"ImageObject","@id":"https:\/\/secure.gravatar.com\/avatar\/7c144e1de0ecc43e7a8353c804f0c7ea63c9554336576e7048c4bdeaa59bbbbb?s=96&d=mm&r=g","url":"https:\/\/secure.gravatar.com\/avatar\/7c144e1de0ecc43e7a8353c804f0c7ea63c9554336576e7048c4bdeaa59bbbbb?s=96&d=mm&r=g","height":96,"width":96}},"publisher":{"@type":"Organization","name":"chliv.cz","logo":{"@type":"ImageObject","@id":"\/logo.png","url":"\/logo.png","width":600,"height":60}},"image":null,"wordCount":239,"keywords":null},{"@type":"Article","@id":"https:\/\/www.chliv.cz\/kde-uplatnite-soustruznicky-nuz\/","headline":"Kde uplatn\u00edte soustru\u017enick\u00fd n\u016f\u017e","url":"https:\/\/www.chliv.cz\/kde-uplatnite-soustruznicky-nuz\/","datePublished":"2024-12-20","dateModified":"2024-12-20","mainEntityOfPage":"https:\/\/www.chliv.cz\/kde-uplatnite-soustruznicky-nuz\/","author":{"@type":"Person","@id":"https:\/\/www.chliv.cz\/author\/#Person","name":"","url":"https:\/\/www.chliv.cz\/author\/","identifier":1,"image":{"@type":"ImageObject","@id":"https:\/\/secure.gravatar.com\/avatar\/7c144e1de0ecc43e7a8353c804f0c7ea63c9554336576e7048c4bdeaa59bbbbb?s=96&d=mm&r=g","url":"https:\/\/secure.gravatar.com\/avatar\/7c144e1de0ecc43e7a8353c804f0c7ea63c9554336576e7048c4bdeaa59bbbbb?s=96&d=mm&r=g","height":96,"width":96}},"publisher":{"@type":"Organization","name":"chliv.cz","logo":{"@type":"ImageObject","@id":"\/logo.png","url":"\/logo.png","width":600,"height":60}},"image":{"@type":"ImageObject","@id":"https:\/\/www.chliv.cz\/wp-content\/uploads\/engineering-4506143_640_3.jpg","url":"https:\/\/www.chliv.cz\/wp-content\/uploads\/engineering-4506143_640_3.jpg","height":0,"width":0},"wordCount":739,"keywords":null},{"@type":"Article","@id":"https:\/\/www.chliv.cz\/temer-zapomenuta-profese\/","headline":"T\u00e9m\u011b\u0159 zapomenut\u00e1 profese","url":"https:\/\/www.chliv.cz\/temer-zapomenuta-profese\/","datePublished":"2024-12-17","dateModified":"2024-12-17","mainEntityOfPage":"https:\/\/www.chliv.cz\/temer-zapomenuta-profese\/","author":{"@type":"Person","@id":"https:\/\/www.chliv.cz\/author\/#Person","name":"","url":"https:\/\/www.chliv.cz\/author\/","identifier":1,"image":{"@type":"ImageObject","@id":"https:\/\/secure.gravatar.com\/avatar\/7c144e1de0ecc43e7a8353c804f0c7ea63c9554336576e7048c4bdeaa59bbbbb?s=96&d=mm&r=g","url":"https:\/\/secure.gravatar.com\/avatar\/7c144e1de0ecc43e7a8353c804f0c7ea63c9554336576e7048c4bdeaa59bbbbb?s=96&d=mm&r=g","height":96,"width":96}},"publisher":{"@type":"Organization","name":"chliv.cz","logo":{"@type":"ImageObject","@id":"\/logo.png","url":"\/logo.png","width":600,"height":60}},"image":null,"wordCount":224,"keywords":null}]},{"@context":"https:\/\/schema.org","@type":"WebSite","@id":"https:\/\/www.chliv.cz\/#website","name":"Chliv","url":"https:\/\/www.chliv.cz","potentialAction":{"@type":"SearchAction","target":"https:\/\/www.chliv.cz\/?s={search_term_string}","query-input":"required name=search_term_string"}}]