[{"@context":"https:\/\/schema.org\/","@type":"Blog","@id":"https:\/\/www.chliv.cz#Blog","headline":"Chliv","description":"\nTi, kdo jsou dostate\u010dn\u011b finan\u010dn\u011b zaji\u0161t\u011bni, jsou na tom v\u00a0ka\u017ed\u00e9m ohledu l\u00e9pe ne\u017e ti, jim\u017e se pen\u011bz nedost\u00e1v\u00e1. A nezd\u00e1 se, \u017ee by tomu mohlo b\u00fdt n\u011bkdy jinak.","url":"https:\/\/www.chliv.cz","hasPart":[{"@type":"Article","@id":"https:\/\/www.chliv.cz\/google-skoupil-dalsi-spolecnost-tentokrat-divizi-htc\/","headline":"Google skoupil dal\u0161\u00ed spole\u010dnost, tentokr\u00e1t divizi HTC!","url":"https:\/\/www.chliv.cz\/google-skoupil-dalsi-spolecnost-tentokrat-divizi-htc\/","datePublished":"2025-02-27","dateModified":"2025-02-27","mainEntityOfPage":"https:\/\/www.chliv.cz\/google-skoupil-dalsi-spolecnost-tentokrat-divizi-htc\/","author":{"@type":"Person","@id":"https:\/\/www.chliv.cz\/author\/#Person","name":"","url":"https:\/\/www.chliv.cz\/author\/","identifier":1,"image":{"@type":"ImageObject","@id":"https:\/\/secure.gravatar.com\/avatar\/7c144e1de0ecc43e7a8353c804f0c7ea63c9554336576e7048c4bdeaa59bbbbb?s=96&d=mm&r=g","url":"https:\/\/secure.gravatar.com\/avatar\/7c144e1de0ecc43e7a8353c804f0c7ea63c9554336576e7048c4bdeaa59bbbbb?s=96&d=mm&r=g","height":96,"width":96}},"publisher":{"@type":"Organization","name":"chliv.cz","logo":{"@type":"ImageObject","@id":"\/logo.png","url":"\/logo.png","width":600,"height":60}},"image":{"@type":"ImageObject","@id":"https:\/\/www.chliv.cz\/wp-content\/uploads\/img_a296634_w2061_t1507619325.jpg","url":"https:\/\/www.chliv.cz\/wp-content\/uploads\/img_a296634_w2061_t1507619325.jpg","height":0,"width":0},"wordCount":484,"keywords":null},{"@type":"Article","@id":"https:\/\/www.chliv.cz\/idealni-ptaci-potrava-pro-ptaky\/","headline":"Ide\u00e1ln\u00ed pta\u010d\u00ed potrava pro pt\u00e1ky","url":"https:\/\/www.chliv.cz\/idealni-ptaci-potrava-pro-ptaky\/","datePublished":"2025-02-26","dateModified":"2025-02-26","mainEntityOfPage":"https:\/\/www.chliv.cz\/idealni-ptaci-potrava-pro-ptaky\/","author":{"@type":"Person","@id":"https:\/\/www.chliv.cz\/author\/#Person","name":"","url":"https:\/\/www.chliv.cz\/author\/","identifier":1,"image":{"@type":"ImageObject","@id":"https:\/\/secure.gravatar.com\/avatar\/7c144e1de0ecc43e7a8353c804f0c7ea63c9554336576e7048c4bdeaa59bbbbb?s=96&d=mm&r=g","url":"https:\/\/secure.gravatar.com\/avatar\/7c144e1de0ecc43e7a8353c804f0c7ea63c9554336576e7048c4bdeaa59bbbbb?s=96&d=mm&r=g","height":96,"width":96}},"publisher":{"@type":"Organization","name":"chliv.cz","logo":{"@type":"ImageObject","@id":"\/logo.png","url":"\/logo.png","width":600,"height":60}},"image":{"@type":"ImageObject","@id":"https:\/\/www.chliv.cz\/wp-content\/uploads\/img_a334151_w2091_t1547743426.jpg","url":"https:\/\/www.chliv.cz\/wp-content\/uploads\/img_a334151_w2091_t1547743426.jpg","height":0,"width":0},"wordCount":632,"keywords":null},{"@type":"Article","@id":"https:\/\/www.chliv.cz\/modra-krabicka-do-celeho-sveta\/","headline":"Modr\u00e1 krabi\u010dka do cel\u00e9ho sv\u011bta","url":"https:\/\/www.chliv.cz\/modra-krabicka-do-celeho-sveta\/","datePublished":"2025-02-26","dateModified":"2025-02-26","mainEntityOfPage":"https:\/\/www.chliv.cz\/modra-krabicka-do-celeho-sveta\/","author":{"@type":"Person","@id":"https:\/\/www.chliv.cz\/author\/#Person","name":"","url":"https:\/\/www.chliv.cz\/author\/","identifier":1,"image":{"@type":"ImageObject","@id":"https:\/\/secure.gravatar.com\/avatar\/7c144e1de0ecc43e7a8353c804f0c7ea63c9554336576e7048c4bdeaa59bbbbb?s=96&d=mm&r=g","url":"https:\/\/secure.gravatar.com\/avatar\/7c144e1de0ecc43e7a8353c804f0c7ea63c9554336576e7048c4bdeaa59bbbbb?s=96&d=mm&r=g","height":96,"width":96}},"publisher":{"@type":"Organization","name":"chliv.cz","logo":{"@type":"ImageObject","@id":"\/logo.png","url":"\/logo.png","width":600,"height":60}},"image":{"@type":"ImageObject","@id":"https:\/\/www.chliv.cz\/wp-content\/uploads\/img_a290467_w2191_t1503126014.jpg","url":"https:\/\/www.chliv.cz\/wp-content\/uploads\/img_a290467_w2191_t1503126014.jpg","height":0,"width":0},"wordCount":550,"keywords":null},{"@type":"Article","@id":"https:\/\/www.chliv.cz\/chiptuning\/","headline":"Chiptuning","url":"https:\/\/www.chliv.cz\/chiptuning\/","datePublished":"2025-02-26","dateModified":"2025-02-26","mainEntityOfPage":"https:\/\/www.chliv.cz\/chiptuning\/","author":{"@type":"Person","@id":"https:\/\/www.chliv.cz\/author\/#Person","name":"","url":"https:\/\/www.chliv.cz\/author\/","identifier":1,"image":{"@type":"ImageObject","@id":"https:\/\/secure.gravatar.com\/avatar\/7c144e1de0ecc43e7a8353c804f0c7ea63c9554336576e7048c4bdeaa59bbbbb?s=96&d=mm&r=g","url":"https:\/\/secure.gravatar.com\/avatar\/7c144e1de0ecc43e7a8353c804f0c7ea63c9554336576e7048c4bdeaa59bbbbb?s=96&d=mm&r=g","height":96,"width":96}},"publisher":{"@type":"Organization","name":"chliv.cz","logo":{"@type":"ImageObject","@id":"\/logo.png","url":"\/logo.png","width":600,"height":60}},"image":null,"wordCount":238,"keywords":null},{"@type":"Article","@id":"https:\/\/www.chliv.cz\/jak-vybirat-zbozi-na-internetu\/","headline":"Jak vyb\u00edrat zbo\u017e\u00ed na internetu","url":"https:\/\/www.chliv.cz\/jak-vybirat-zbozi-na-internetu\/","datePublished":"2025-02-22","dateModified":"2025-02-22","mainEntityOfPage":"https:\/\/www.chliv.cz\/jak-vybirat-zbozi-na-internetu\/","author":{"@type":"Person","@id":"https:\/\/www.chliv.cz\/author\/#Person","name":"","url":"https:\/\/www.chliv.cz\/author\/","identifier":1,"image":{"@type":"ImageObject","@id":"https:\/\/secure.gravatar.com\/avatar\/7c144e1de0ecc43e7a8353c804f0c7ea63c9554336576e7048c4bdeaa59bbbbb?s=96&d=mm&r=g","url":"https:\/\/secure.gravatar.com\/avatar\/7c144e1de0ecc43e7a8353c804f0c7ea63c9554336576e7048c4bdeaa59bbbbb?s=96&d=mm&r=g","height":96,"width":96}},"publisher":{"@type":"Organization","name":"chliv.cz","logo":{"@type":"ImageObject","@id":"\/logo.png","url":"\/logo.png","width":600,"height":60}},"image":{"@type":"ImageObject","@id":"https:\/\/www.chliv.cz\/wp-content\/uploads\/img_a313021_w2583_t1523688532.png","url":"https:\/\/www.chliv.cz\/wp-content\/uploads\/img_a313021_w2583_t1523688532.png","height":0,"width":0},"wordCount":515,"keywords":null},{"@type":"Article","@id":"https:\/\/www.chliv.cz\/pro-holcicky\/","headline":"Pro hol\u010di\u010dky","url":"https:\/\/www.chliv.cz\/pro-holcicky\/","datePublished":"2025-02-19","dateModified":"2025-02-19","mainEntityOfPage":"https:\/\/www.chliv.cz\/pro-holcicky\/","author":{"@type":"Person","@id":"https:\/\/www.chliv.cz\/author\/#Person","name":"","url":"https:\/\/www.chliv.cz\/author\/","identifier":1,"image":{"@type":"ImageObject","@id":"https:\/\/secure.gravatar.com\/avatar\/7c144e1de0ecc43e7a8353c804f0c7ea63c9554336576e7048c4bdeaa59bbbbb?s=96&d=mm&r=g","url":"https:\/\/secure.gravatar.com\/avatar\/7c144e1de0ecc43e7a8353c804f0c7ea63c9554336576e7048c4bdeaa59bbbbb?s=96&d=mm&r=g","height":96,"width":96}},"publisher":{"@type":"Organization","name":"chliv.cz","logo":{"@type":"ImageObject","@id":"\/logo.png","url":"\/logo.png","width":600,"height":60}},"image":null,"wordCount":238,"keywords":null},{"@type":"Article","@id":"https:\/\/www.chliv.cz\/priprava-dymky-je-snadna\/","headline":"P\u0159\u00edprava d\u00fdmky je snadn\u00e1","url":"https:\/\/www.chliv.cz\/priprava-dymky-je-snadna\/","datePublished":"2025-02-17","dateModified":"2025-02-17","mainEntityOfPage":"https:\/\/www.chliv.cz\/priprava-dymky-je-snadna\/","author":{"@type":"Person","@id":"https:\/\/www.chliv.cz\/author\/#Person","name":"","url":"https:\/\/www.chliv.cz\/author\/","identifier":1,"image":{"@type":"ImageObject","@id":"https:\/\/secure.gravatar.com\/avatar\/7c144e1de0ecc43e7a8353c804f0c7ea63c9554336576e7048c4bdeaa59bbbbb?s=96&d=mm&r=g","url":"https:\/\/secure.gravatar.com\/avatar\/7c144e1de0ecc43e7a8353c804f0c7ea63c9554336576e7048c4bdeaa59bbbbb?s=96&d=mm&r=g","height":96,"width":96}},"publisher":{"@type":"Organization","name":"chliv.cz","logo":{"@type":"ImageObject","@id":"\/logo.png","url":"\/logo.png","width":600,"height":60}},"image":{"@type":"ImageObject","@id":"https:\/\/www.chliv.cz\/wp-content\/uploads\/bulb-shisha-5922098_640_1.jpg","url":"https:\/\/www.chliv.cz\/wp-content\/uploads\/bulb-shisha-5922098_640_1.jpg","height":0,"width":0},"wordCount":549,"keywords":null},{"@type":"Article","@id":"https:\/\/www.chliv.cz\/vymahani-pohledavek\/","headline":"Vym\u00e1h\u00e1n\u00ed pohled\u00e1vek","url":"https:\/\/www.chliv.cz\/vymahani-pohledavek\/","datePublished":"2025-02-11","dateModified":"2025-02-11","mainEntityOfPage":"https:\/\/www.chliv.cz\/vymahani-pohledavek\/","author":{"@type":"Person","@id":"https:\/\/www.chliv.cz\/author\/#Person","name":"","url":"https:\/\/www.chliv.cz\/author\/","identifier":1,"image":{"@type":"ImageObject","@id":"https:\/\/secure.gravatar.com\/avatar\/7c144e1de0ecc43e7a8353c804f0c7ea63c9554336576e7048c4bdeaa59bbbbb?s=96&d=mm&r=g","url":"https:\/\/secure.gravatar.com\/avatar\/7c144e1de0ecc43e7a8353c804f0c7ea63c9554336576e7048c4bdeaa59bbbbb?s=96&d=mm&r=g","height":96,"width":96}},"publisher":{"@type":"Organization","name":"chliv.cz","logo":{"@type":"ImageObject","@id":"\/logo.png","url":"\/logo.png","width":600,"height":60}},"image":null,"wordCount":216,"keywords":null},{"@type":"Article","@id":"https:\/\/www.chliv.cz\/reklamou-vas-podporime-na-seznam-cz\/","headline":"Reklamou v\u00e1s podpo\u0159\u00edme na seznam.cz","url":"https:\/\/www.chliv.cz\/reklamou-vas-podporime-na-seznam-cz\/","datePublished":"2025-02-07","dateModified":"2025-02-07","mainEntityOfPage":"https:\/\/www.chliv.cz\/reklamou-vas-podporime-na-seznam-cz\/","author":{"@type":"Person","@id":"https:\/\/www.chliv.cz\/author\/#Person","name":"","url":"https:\/\/www.chliv.cz\/author\/","identifier":1,"image":{"@type":"ImageObject","@id":"https:\/\/secure.gravatar.com\/avatar\/7c144e1de0ecc43e7a8353c804f0c7ea63c9554336576e7048c4bdeaa59bbbbb?s=96&d=mm&r=g","url":"https:\/\/secure.gravatar.com\/avatar\/7c144e1de0ecc43e7a8353c804f0c7ea63c9554336576e7048c4bdeaa59bbbbb?s=96&d=mm&r=g","height":96,"width":96}},"publisher":{"@type":"Organization","name":"chliv.cz","logo":{"@type":"ImageObject","@id":"\/logo.png","url":"\/logo.png","width":600,"height":60}},"image":null,"wordCount":245,"keywords":null},{"@type":"Article","@id":"https:\/\/www.chliv.cz\/budte-moderni-a-inovativni\/","headline":"Bu\u010fte modern\u00ed a inovativn\u00ed","url":"https:\/\/www.chliv.cz\/budte-moderni-a-inovativni\/","datePublished":"2025-02-03","dateModified":"2025-02-03","mainEntityOfPage":"https:\/\/www.chliv.cz\/budte-moderni-a-inovativni\/","author":{"@type":"Person","@id":"https:\/\/www.chliv.cz\/author\/#Person","name":"","url":"https:\/\/www.chliv.cz\/author\/","identifier":1,"image":{"@type":"ImageObject","@id":"https:\/\/secure.gravatar.com\/avatar\/7c144e1de0ecc43e7a8353c804f0c7ea63c9554336576e7048c4bdeaa59bbbbb?s=96&d=mm&r=g","url":"https:\/\/secure.gravatar.com\/avatar\/7c144e1de0ecc43e7a8353c804f0c7ea63c9554336576e7048c4bdeaa59bbbbb?s=96&d=mm&r=g","height":96,"width":96}},"publisher":{"@type":"Organization","name":"chliv.cz","logo":{"@type":"ImageObject","@id":"\/logo.png","url":"\/logo.png","width":600,"height":60}},"image":null,"wordCount":236,"keywords":null}]},{"@context":"https:\/\/schema.org","@type":"WebSite","@id":"https:\/\/www.chliv.cz\/#website","name":"Chliv","url":"https:\/\/www.chliv.cz","potentialAction":{"@type":"SearchAction","target":"https:\/\/www.chliv.cz\/?s={search_term_string}","query-input":"required name=search_term_string"}}]