[{"@context":"https:\/\/schema.org\/","@type":"Blog","@id":"https:\/\/www.chliv.cz#Blog","headline":"Chliv","description":"\nTi, kdo jsou dostate\u010dn\u011b finan\u010dn\u011b zaji\u0161t\u011bni, jsou na tom v\u00a0ka\u017ed\u00e9m ohledu l\u00e9pe ne\u017e ti, jim\u017e se pen\u011bz nedost\u00e1v\u00e1. A nezd\u00e1 se, \u017ee by tomu mohlo b\u00fdt n\u011bkdy jinak.","url":"https:\/\/www.chliv.cz","hasPart":[{"@type":"Article","@id":"https:\/\/www.chliv.cz\/chovani-ve-spolecnosti\/","headline":"Chov\u00e1n\u00ed ve spole\u010dnosti","url":"https:\/\/www.chliv.cz\/chovani-ve-spolecnosti\/","datePublished":"2022-08-13","dateModified":"2023-06-14","mainEntityOfPage":"https:\/\/www.chliv.cz\/chovani-ve-spolecnosti\/","author":{"@type":"Person","@id":"https:\/\/www.chliv.cz\/author\/#Person","name":"","url":"https:\/\/www.chliv.cz\/author\/","identifier":1,"image":{"@type":"ImageObject","@id":"https:\/\/secure.gravatar.com\/avatar\/7c144e1de0ecc43e7a8353c804f0c7ea63c9554336576e7048c4bdeaa59bbbbb?s=96&d=mm&r=g","url":"https:\/\/secure.gravatar.com\/avatar\/7c144e1de0ecc43e7a8353c804f0c7ea63c9554336576e7048c4bdeaa59bbbbb?s=96&d=mm&r=g","height":96,"width":96}},"publisher":{"@type":"Organization","name":"chliv.cz","logo":{"@type":"ImageObject","@id":"\/logo.png","url":"\/logo.png","width":600,"height":60}},"image":{"@type":"ImageObject","@id":"https:\/\/www.chliv.cz\/wp-content\/uploads\/phone-4060860_960_720_4.jpg","url":"https:\/\/www.chliv.cz\/wp-content\/uploads\/phone-4060860_960_720_4.jpg","height":0,"width":0},"wordCount":633,"keywords":null},{"@type":"Article","@id":"https:\/\/www.chliv.cz\/pobyt-ve-tme\/","headline":"Pobyt ve tm\u011b","url":"https:\/\/www.chliv.cz\/pobyt-ve-tme\/","datePublished":"2022-08-12","dateModified":"2023-06-14","mainEntityOfPage":"https:\/\/www.chliv.cz\/pobyt-ve-tme\/","author":{"@type":"Person","@id":"https:\/\/www.chliv.cz\/author\/#Person","name":"","url":"https:\/\/www.chliv.cz\/author\/","identifier":1,"image":{"@type":"ImageObject","@id":"https:\/\/secure.gravatar.com\/avatar\/7c144e1de0ecc43e7a8353c804f0c7ea63c9554336576e7048c4bdeaa59bbbbb?s=96&d=mm&r=g","url":"https:\/\/secure.gravatar.com\/avatar\/7c144e1de0ecc43e7a8353c804f0c7ea63c9554336576e7048c4bdeaa59bbbbb?s=96&d=mm&r=g","height":96,"width":96}},"publisher":{"@type":"Organization","name":"chliv.cz","logo":{"@type":"ImageObject","@id":"\/logo.png","url":"\/logo.png","width":600,"height":60}},"image":{"@type":"ImageObject","@id":"https:\/\/www.chliv.cz\/wp-content\/uploads\/hd-wallpaper-g1d8a2d303_640_1.jpg","url":"https:\/\/www.chliv.cz\/wp-content\/uploads\/hd-wallpaper-g1d8a2d303_640_1.jpg","height":0,"width":0},"wordCount":1927,"keywords":null},{"@type":"Article","@id":"https:\/\/www.chliv.cz\/zivot-v-korporatu\/","headline":"\u017divot v korpor\u00e1tu","url":"https:\/\/www.chliv.cz\/zivot-v-korporatu\/","datePublished":"2022-08-08","dateModified":"2023-06-14","mainEntityOfPage":"https:\/\/www.chliv.cz\/zivot-v-korporatu\/","author":{"@type":"Person","@id":"https:\/\/www.chliv.cz\/author\/#Person","name":"","url":"https:\/\/www.chliv.cz\/author\/","identifier":1,"image":{"@type":"ImageObject","@id":"https:\/\/secure.gravatar.com\/avatar\/7c144e1de0ecc43e7a8353c804f0c7ea63c9554336576e7048c4bdeaa59bbbbb?s=96&d=mm&r=g","url":"https:\/\/secure.gravatar.com\/avatar\/7c144e1de0ecc43e7a8353c804f0c7ea63c9554336576e7048c4bdeaa59bbbbb?s=96&d=mm&r=g","height":96,"width":96}},"publisher":{"@type":"Organization","name":"chliv.cz","logo":{"@type":"ImageObject","@id":"\/logo.png","url":"\/logo.png","width":600,"height":60}},"image":{"@type":"ImageObject","@id":"https:\/\/www.chliv.cz\/wp-content\/uploads\/classroom-663437_640.jpg","url":"https:\/\/www.chliv.cz\/wp-content\/uploads\/classroom-663437_640.jpg","height":0,"width":0},"wordCount":631,"keywords":null},{"@type":"Article","@id":"https:\/\/www.chliv.cz\/jaka-je-prace-v-call-centru\/","headline":"Jak\u00e1 je pr\u00e1ce v call centru?","url":"https:\/\/www.chliv.cz\/jaka-je-prace-v-call-centru\/","datePublished":"2022-07-30","dateModified":"2023-06-14","mainEntityOfPage":"https:\/\/www.chliv.cz\/jaka-je-prace-v-call-centru\/","author":{"@type":"Person","@id":"https:\/\/www.chliv.cz\/author\/#Person","name":"","url":"https:\/\/www.chliv.cz\/author\/","identifier":1,"image":{"@type":"ImageObject","@id":"https:\/\/secure.gravatar.com\/avatar\/7c144e1de0ecc43e7a8353c804f0c7ea63c9554336576e7048c4bdeaa59bbbbb?s=96&d=mm&r=g","url":"https:\/\/secure.gravatar.com\/avatar\/7c144e1de0ecc43e7a8353c804f0c7ea63c9554336576e7048c4bdeaa59bbbbb?s=96&d=mm&r=g","height":96,"width":96}},"publisher":{"@type":"Organization","name":"chliv.cz","logo":{"@type":"ImageObject","@id":"\/logo.png","url":"\/logo.png","width":600,"height":60}},"image":{"@type":"ImageObject","@id":"https:\/\/www.chliv.cz\/wp-content\/uploads\/pexels-yan-krukov-8867482.jpg","url":"https:\/\/www.chliv.cz\/wp-content\/uploads\/pexels-yan-krukov-8867482.jpg","height":0,"width":0},"wordCount":599,"keywords":null},{"@type":"Article","@id":"https:\/\/www.chliv.cz\/proc-chodit-do-divadla\/","headline":"Pro\u010d chodit do divadla?","url":"https:\/\/www.chliv.cz\/proc-chodit-do-divadla\/","datePublished":"2022-07-30","dateModified":"2023-06-14","mainEntityOfPage":"https:\/\/www.chliv.cz\/proc-chodit-do-divadla\/","author":{"@type":"Person","@id":"https:\/\/www.chliv.cz\/author\/#Person","name":"","url":"https:\/\/www.chliv.cz\/author\/","identifier":1,"image":{"@type":"ImageObject","@id":"https:\/\/secure.gravatar.com\/avatar\/7c144e1de0ecc43e7a8353c804f0c7ea63c9554336576e7048c4bdeaa59bbbbb?s=96&d=mm&r=g","url":"https:\/\/secure.gravatar.com\/avatar\/7c144e1de0ecc43e7a8353c804f0c7ea63c9554336576e7048c4bdeaa59bbbbb?s=96&d=mm&r=g","height":96,"width":96}},"publisher":{"@type":"Organization","name":"chliv.cz","logo":{"@type":"ImageObject","@id":"\/logo.png","url":"\/logo.png","width":600,"height":60}},"image":{"@type":"ImageObject","@id":"https:\/\/www.chliv.cz\/wp-content\/uploads\/ticket-g040fd67ce_640.jpg","url":"https:\/\/www.chliv.cz\/wp-content\/uploads\/ticket-g040fd67ce_640.jpg","height":0,"width":0},"wordCount":587,"keywords":null},{"@type":"Article","@id":"https:\/\/www.chliv.cz\/ma-smysl-chodit-k-volbam\/","headline":"M\u00e1 smysl chodit k volb\u00e1m?","url":"https:\/\/www.chliv.cz\/ma-smysl-chodit-k-volbam\/","datePublished":"2022-07-26","dateModified":"2023-06-14","mainEntityOfPage":"https:\/\/www.chliv.cz\/ma-smysl-chodit-k-volbam\/","author":{"@type":"Person","@id":"https:\/\/www.chliv.cz\/author\/#Person","name":"","url":"https:\/\/www.chliv.cz\/author\/","identifier":1,"image":{"@type":"ImageObject","@id":"https:\/\/secure.gravatar.com\/avatar\/7c144e1de0ecc43e7a8353c804f0c7ea63c9554336576e7048c4bdeaa59bbbbb?s=96&d=mm&r=g","url":"https:\/\/secure.gravatar.com\/avatar\/7c144e1de0ecc43e7a8353c804f0c7ea63c9554336576e7048c4bdeaa59bbbbb?s=96&d=mm&r=g","height":96,"width":96}},"publisher":{"@type":"Organization","name":"chliv.cz","logo":{"@type":"ImageObject","@id":"\/logo.png","url":"\/logo.png","width":600,"height":60}},"image":{"@type":"ImageObject","@id":"https:\/\/www.chliv.cz\/wp-content\/uploads\/volby1_2.jpg","url":"https:\/\/www.chliv.cz\/wp-content\/uploads\/volby1_2.jpg","height":0,"width":0},"wordCount":677,"keywords":null},{"@type":"Article","@id":"https:\/\/www.chliv.cz\/jak-zakryt-vetsi-brisko\/","headline":"Jak zakr\u00fdt v\u011bt\u0161\u00ed b\u0159\u00ed\u0161ko?","url":"https:\/\/www.chliv.cz\/jak-zakryt-vetsi-brisko\/","datePublished":"2022-07-23","dateModified":"2023-06-14","mainEntityOfPage":"https:\/\/www.chliv.cz\/jak-zakryt-vetsi-brisko\/","author":{"@type":"Person","@id":"https:\/\/www.chliv.cz\/author\/#Person","name":"","url":"https:\/\/www.chliv.cz\/author\/","identifier":1,"image":{"@type":"ImageObject","@id":"https:\/\/secure.gravatar.com\/avatar\/7c144e1de0ecc43e7a8353c804f0c7ea63c9554336576e7048c4bdeaa59bbbbb?s=96&d=mm&r=g","url":"https:\/\/secure.gravatar.com\/avatar\/7c144e1de0ecc43e7a8353c804f0c7ea63c9554336576e7048c4bdeaa59bbbbb?s=96&d=mm&r=g","height":96,"width":96}},"publisher":{"@type":"Organization","name":"chliv.cz","logo":{"@type":"ImageObject","@id":"\/logo.png","url":"\/logo.png","width":600,"height":60}},"image":{"@type":"ImageObject","@id":"https:\/\/www.chliv.cz\/wp-content\/uploads\/pexels-mica-asato-1082529.jpg","url":"https:\/\/www.chliv.cz\/wp-content\/uploads\/pexels-mica-asato-1082529.jpg","height":0,"width":0},"wordCount":780,"keywords":null},{"@type":"Article","@id":"https:\/\/www.chliv.cz\/hluboka-korba-a-sportovni-nastavba-v-jednom\/","headline":"Hlubok\u00e1 korba a sportovn\u00ed n\u00e1stavba v jednom","url":"https:\/\/www.chliv.cz\/hluboka-korba-a-sportovni-nastavba-v-jednom\/","datePublished":"2022-07-23","dateModified":"2023-06-14","mainEntityOfPage":"https:\/\/www.chliv.cz\/hluboka-korba-a-sportovni-nastavba-v-jednom\/","author":{"@type":"Person","@id":"https:\/\/www.chliv.cz\/author\/#Person","name":"","url":"https:\/\/www.chliv.cz\/author\/","identifier":1,"image":{"@type":"ImageObject","@id":"https:\/\/secure.gravatar.com\/avatar\/7c144e1de0ecc43e7a8353c804f0c7ea63c9554336576e7048c4bdeaa59bbbbb?s=96&d=mm&r=g","url":"https:\/\/secure.gravatar.com\/avatar\/7c144e1de0ecc43e7a8353c804f0c7ea63c9554336576e7048c4bdeaa59bbbbb?s=96&d=mm&r=g","height":96,"width":96}},"publisher":{"@type":"Organization","name":"chliv.cz","logo":{"@type":"ImageObject","@id":"\/logo.png","url":"\/logo.png","width":600,"height":60}},"image":{"@type":"ImageObject","@id":"https:\/\/www.chliv.cz\/wp-content\/uploads\/baby-4700142_640_3.jpg","url":"https:\/\/www.chliv.cz\/wp-content\/uploads\/baby-4700142_640_3.jpg","height":0,"width":0},"wordCount":549,"keywords":null},{"@type":"Article","@id":"https:\/\/www.chliv.cz\/pocitacova-hra-minecraft\/","headline":"Po\u010d\u00edta\u010dov\u00e1 hra Minecraft","url":"https:\/\/www.chliv.cz\/pocitacova-hra-minecraft\/","datePublished":"2022-07-23","dateModified":"2023-06-14","mainEntityOfPage":"https:\/\/www.chliv.cz\/pocitacova-hra-minecraft\/","author":{"@type":"Person","@id":"https:\/\/www.chliv.cz\/author\/#Person","name":"","url":"https:\/\/www.chliv.cz\/author\/","identifier":1,"image":{"@type":"ImageObject","@id":"https:\/\/secure.gravatar.com\/avatar\/7c144e1de0ecc43e7a8353c804f0c7ea63c9554336576e7048c4bdeaa59bbbbb?s=96&d=mm&r=g","url":"https:\/\/secure.gravatar.com\/avatar\/7c144e1de0ecc43e7a8353c804f0c7ea63c9554336576e7048c4bdeaa59bbbbb?s=96&d=mm&r=g","height":96,"width":96}},"publisher":{"@type":"Organization","name":"chliv.cz","logo":{"@type":"ImageObject","@id":"\/logo.png","url":"\/logo.png","width":600,"height":60}},"image":{"@type":"ImageObject","@id":"https:\/\/www.chliv.cz\/wp-content\/uploads\/minecraft-655957_960_720.jpg","url":"https:\/\/www.chliv.cz\/wp-content\/uploads\/minecraft-655957_960_720.jpg","height":0,"width":0},"wordCount":673,"keywords":null},{"@type":"Article","@id":"https:\/\/www.chliv.cz\/bazen-je-starost\/","headline":"Baz\u00e9n je starost","url":"https:\/\/www.chliv.cz\/bazen-je-starost\/","datePublished":"2022-07-23","dateModified":"2023-06-14","mainEntityOfPage":"https:\/\/www.chliv.cz\/bazen-je-starost\/","author":{"@type":"Person","@id":"https:\/\/www.chliv.cz\/author\/#Person","name":"","url":"https:\/\/www.chliv.cz\/author\/","identifier":1,"image":{"@type":"ImageObject","@id":"https:\/\/secure.gravatar.com\/avatar\/7c144e1de0ecc43e7a8353c804f0c7ea63c9554336576e7048c4bdeaa59bbbbb?s=96&d=mm&r=g","url":"https:\/\/secure.gravatar.com\/avatar\/7c144e1de0ecc43e7a8353c804f0c7ea63c9554336576e7048c4bdeaa59bbbbb?s=96&d=mm&r=g","height":96,"width":96}},"publisher":{"@type":"Organization","name":"chliv.cz","logo":{"@type":"ImageObject","@id":"\/logo.png","url":"\/logo.png","width":600,"height":60}},"image":{"@type":"ImageObject","@id":"https:\/\/www.chliv.cz\/wp-content\/uploads\/water-cube-823145_960_720.jpg","url":"https:\/\/www.chliv.cz\/wp-content\/uploads\/water-cube-823145_960_720.jpg","height":0,"width":0},"wordCount":616,"keywords":null}]},{"@context":"https:\/\/schema.org","@type":"WebSite","@id":"https:\/\/www.chliv.cz\/#website","name":"Chliv","url":"https:\/\/www.chliv.cz","potentialAction":{"@type":"SearchAction","target":"https:\/\/www.chliv.cz\/?s={search_term_string}","query-input":"required name=search_term_string"}}]