[{"@context":"https:\/\/schema.org\/","@type":"Article","@id":"https:\/\/www.chliv.cz\/noste-jedinecne-sperky\/#Article","mainEntityOfPage":"https:\/\/www.chliv.cz\/noste-jedinecne-sperky\/","headline":"Noste jedine\u010dn\u00e9 \u0161perky","name":"Noste jedine\u010dn\u00e9 \u0161perky","description":"http:\/\/www.pastorace.cz\/Rejstrik-vecny\/osobitost-osobnost-jedinecnost.html ntent-Type&#8220; content=&#8220;text\/html; charset=UTF-8&#8243;\/&gt; M\u00e1te r\u00e1di kvalitn\u00ed a jedine\u010dn\u00e9 \u0161perky? Zejm\u00e9na \u017eeny r\u00e1dy nos\u00ed \u0161perky, kter\u00e9 nejen dodaj\u00ed ka\u017ed\u00e9mu.","datePublished":"2022-08-19","dateModified":"2023-06-14","author":{"@type":"Person","@id":"https:\/\/www.chliv.cz\/author\/#Person","name":"","url":"https:\/\/www.chliv.cz\/author\/","identifier":1,"image":{"@type":"ImageObject","@id":"https:\/\/secure.gravatar.com\/avatar\/7c144e1de0ecc43e7a8353c804f0c7ea63c9554336576e7048c4bdeaa59bbbbb?s=96&d=mm&r=g","url":"https:\/\/secure.gravatar.com\/avatar\/7c144e1de0ecc43e7a8353c804f0c7ea63c9554336576e7048c4bdeaa59bbbbb?s=96&d=mm&r=g","height":96,"width":96}},"publisher":{"@type":"Organization","name":"chliv.cz","logo":{"@type":"ImageObject","@id":"\/logo.png","url":"\/logo.png","width":600,"height":60}},"image":{"@type":"ImageObject","@id":"https:\/\/www.chliv.cz\/wp-content\/uploads\/pexels-inga-engele-5534853_1.jpg","url":"https:\/\/www.chliv.cz\/wp-content\/uploads\/pexels-inga-engele-5534853_1.jpg","height":0,"width":0},"url":"https:\/\/www.chliv.cz\/noste-jedinecne-sperky\/","about":["Nakupov\u00e1n\u00ed"],"wordCount":441,"articleBody":"http:\/\/www.pastorace.cz\/Rejstrik-vecny\/osobitost-osobnost-jedinecnost.html ntent-Type&#8220; content=&#8220;text\/html; charset=UTF-8&#8243;\/&gt;     M\u00e1te r\u00e1di kvalitn\u00ed a jedine\u010dn\u00e9 \u0161perky? Zejm\u00e9na \u017eeny r\u00e1dy nos\u00ed \u0161perky, kter\u00e9 nejen dodaj\u00ed ka\u017ed\u00e9mu outfitu originalitu, ale \u017eeny miluj\u00ed hlavn\u011b \u0161perky, kter\u00e9 podtrhnout jej\u00ed osobnost a jedine\u010dnost. Jen\u017ee co si budeme pov\u00eddat &#8211; v obchodech t\u00e9 originality moc nenajdete. Velkov\u00fdroba m\u00e1 jednu velkou nev\u00fdhodu, a tou je pr\u00e1v\u011b to, \u017ee se \u0161perky vyr\u00e1b\u00ed v s\u00e9ri\u00edch, a o n\u011bjak\u00e9 originalit\u011b nem\u016f\u017ee b\u00fdt \u0159e\u010d. Posledn\u00ed dobou si \u010d\u00edm d\u00e1l v\u011bt\u0161\u00ed po\u010det z\u00e1kazn\u00edk\u016f chce dop\u0159\u00e1t origin\u00e1ln\u00ed autorsk\u00fd \u0161perk, kter\u00fd nepotk\u00e1 na ulici na dal\u0161\u00edch n\u011bkolika lidech. Jsou to hlavn\u011b \u017eeny, kter\u00e9 tou\u017e\u00ed po tom, aby se n\u011b\u010d\u00edm odli\u0161ily. Proto vol\u00ed origin\u00e1ln\u00ed bro\u017ee.Z m\u00e9 \u0161perka\u0159sk\u00e9 d\u00edlny vych\u00e1z\u00ed \u0161perky, kter\u00e9 jsou jedine\u010dn\u00e9. Jsou inspirovan\u00e9 p\u0159\u00edrodou, a to se odr\u00e1\u017e\u00ed v cel\u00e9 m\u00e9 tvorb\u011b. Pr\u00e1v\u011b bro\u017ee jsou samy o sob\u011b velmi origin\u00e1ln\u00edm kouskem \u0161perku, proto\u017ee se daj\u00ed p\u0159ipnout na tri\u010dku i na kab\u00e1t \u010di sako. Upoutaj\u00ed pozornost v podstat\u011b ihned. A kdy\u017e se k typu \u0161perku vhodn\u011b zvol\u00ed design, m\u00e1te origin\u00e1ln\u00ed kousek, kter\u00fd se stane va\u0161\u00edm obl\u00edben\u00fdm.Ru\u010dn\u00ed v\u00fdroba je samoz\u0159ejmost\u00ed Proto\u017ee nejde o s\u00e9riovou v\u00fdrobu, ale o kusovou v\u00fdrobu, je jasn\u00e9, \u017ee \u0161perky jsou ru\u010dn\u011b vyr\u00e1b\u011bn\u00e9. Proto na sv\u011bt\u011b nenajdete dva identick\u00e9 kousky. Ka\u017ed\u00fd se bude n\u011b\u010d\u00edm li\u0161it. Pokud se chcete ozdobit nejen bro\u017e\u00ed z m\u00e9 d\u00edlny, m\u016f\u017eete si vybrat iN\u00e1u\u0161nicePrstenyN\u00e1hrdeln\u00edkyN\u00e1ramkyNa e-shopu si m\u016f\u017eete jednodu\u0161e objednat kousek, kter\u00fd v\u00e1s zaujme. P\u0159i v\u00fdrob\u011b pou\u017e\u00edv\u00e1m zlato a st\u0159\u00edbro, a najdete u m\u011b i perly nebo recyklovan\u00fd plast. Ten pou\u017eit\u00edm proto, \u017ee inspirace hled\u00e1m v p\u0159\u00edrod\u011b. Velmi si j\u00ed v\u00e1\u017e\u00edm, a proto se sna\u017e\u00edm pou\u017e\u00edvat i ekologick\u00e9 komponenty. Rozhodn\u011b ale nepozn\u00e1te, \u017ee jde o plast. Prohl\u00e9dn\u011bte si nap\u0159\u00edklad s\u00e9rii Kolib\u0159\u00edka &#8211; uznali byste, z \u010deho je vyroben? Dal\u0161\u00ed zaj\u00edmavou kolekc\u00ed je V\u010dela, kter\u00e1 m\u00e1 nejen skv\u011ble vypadat a zdobit sv\u00e9 nositelky, ale m\u00e1 i dal\u0161\u00ed c\u00edl &#8211; upozornit na to, \u017ee v\u010delky vym\u00edraj\u00ed a je na\u0161\u00ed povinnost\u00ed je chr\u00e1nit. Mu\u017ei, pokud m\u00e1te ve sv\u00e9m okol\u00ed \u017eenu, kter\u00e9 chcete ud\u011blat opravdu velkou radost, vsa\u010fte na jedine\u010dn\u00fd \u0161perk.                                                                                                                                                                                                                                                                                                                                                                                                 "},{"@context":"https:\/\/schema.org\/","@type":"BreadcrumbList","itemListElement":[{"@type":"ListItem","position":1,"name":"Noste jedine\u010dn\u00e9 \u0161perky","item":"https:\/\/www.chliv.cz\/noste-jedinecne-sperky\/#breadcrumbitem"}]}]