[{"@context":"https:\/\/schema.org\/","@type":"Article","@id":"https:\/\/www.chliv.cz\/nikdo-nechce-vzpominat-na-to-jak-uviznul-na-dalnici\/#Article","mainEntityOfPage":"https:\/\/www.chliv.cz\/nikdo-nechce-vzpominat-na-to-jak-uviznul-na-dalnici\/","headline":"Nikdo nechce vzpom\u00ednat na to, jak uv\u00edznul na d\u00e1lnici","name":"Nikdo nechce vzpom\u00ednat na to, jak uv\u00edznul na d\u00e1lnici","description":"P\u0159edstavte si, \u017ee to jedin\u00e9, co byste si pamatovali ze sv\u00e9 letn\u00ed dovolen\u00e9 by bylo to, jak jste n\u011bkolik.","datePublished":"2024-11-05","dateModified":"2024-11-05","author":{"@type":"Person","@id":"https:\/\/www.chliv.cz\/author\/#Person","name":"","url":"https:\/\/www.chliv.cz\/author\/","identifier":1,"image":{"@type":"ImageObject","@id":"https:\/\/secure.gravatar.com\/avatar\/7c144e1de0ecc43e7a8353c804f0c7ea63c9554336576e7048c4bdeaa59bbbbb?s=96&d=mm&r=g","url":"https:\/\/secure.gravatar.com\/avatar\/7c144e1de0ecc43e7a8353c804f0c7ea63c9554336576e7048c4bdeaa59bbbbb?s=96&d=mm&r=g","height":96,"width":96}},"publisher":{"@type":"Organization","name":"chliv.cz","logo":{"@type":"ImageObject","@id":"\/logo.png","url":"\/logo.png","width":600,"height":60}},"url":"https:\/\/www.chliv.cz\/nikdo-nechce-vzpominat-na-to-jak-uviznul-na-dalnici\/","wordCount":253,"articleBody":"\tP\u0159edstavte si, \u017ee to jedin\u00e9, co byste si pamatovali ze sv\u00e9 letn\u00ed dovolen\u00e9 by bylo to, jak jste n\u011bkolik dlouh\u00fdch hodin st\u00e1li na d\u00e1lnici spolu se sv\u00fdm porouchan\u00fdm vozidlem, jak v\u00e1s jeho oprava v\u00a0zahrani\u010d\u00ed p\u0159ipravila t\u00e9m\u011b\u0159 o v\u0161echny na\u0161et\u0159en\u00e9 prost\u0159edky a jak jste b\u011bhem t\u00e9to anab\u00e1ze je\u0161t\u011b nav\u00edc onemocn\u011bli. Zkr\u00e1tka, na odpo\u010dinek u mo\u0159e by bu\u010f v\u016fbec nedo\u0161lo anebo by jej zcela zast\u00ednily nep\u0159\u00edjemn\u00e9 ud\u00e1losti z\u00a0d\u00e1lnice. I tak toti\u017e m\u016f\u017ee vypadat dovolen\u00e1 v\u00a0p\u0159\u00edpad\u011b, kdy si p\u0159ed cestou nenech\u00e1te d\u016fkladn\u011b prov\u011b\u0159it a se\u0159\u00eddit sv\u016fj automobil.\tPrevence je z\u00e1kladNav\u0161t\u00edvit autoservis Praha je\u0161t\u011b p\u0159ed t\u00edm, ne\u017e vyraz\u00edte na jakoukoli del\u0161\u00ed cestu by m\u011blo b\u00fdt naprosto samoz\u0159ejm\u00e9, a to nejen v\u00a0p\u0159\u00edpad\u011b, kdy se chyst\u00e1te na dovolenou, ale tak\u00e9 v\u00a0p\u0159\u00edpad\u011b, kdy p\u0159ed v\u00e1mi le\u017e\u00ed n\u011bjak\u00e1 dlouh\u00e1 pracovn\u00ed cesta \u010di d\u016fle\u017eit\u00e1 vyj\u00ed\u017e\u010fka, t\u0159eba do porodnice. I v\u00a0takov\u00e9m p\u0159\u00edpad\u011b by jist\u011b nikdo z\u00a0n\u00e1s necht\u011bl uv\u00edznout na silnici.\u00a0 Tak\u017ee to nejlep\u0161\u00ed, co proto m\u016f\u017eete ud\u011blat, je podobn\u00fdm situac\u00edm v\u010das p\u0159edch\u00e1zet t\u00edm, \u017ee sv\u00e9 vozidlo nech\u00e1te \u010das od \u010dasu d\u016fkladn\u011b prov\u011b\u0159it spolehliv\u00fdmi mechaniky, kte\u0159\u00ed sv\u00e9mu \u0159emeslu rozum\u011bj\u00ed.                                                                                                                                                                                                                                                                                                                                                                                                "},{"@context":"https:\/\/schema.org\/","@type":"BreadcrumbList","itemListElement":[{"@type":"ListItem","position":1,"name":"Nikdo nechce vzpom\u00ednat na to, jak uv\u00edznul na d\u00e1lnici","item":"https:\/\/www.chliv.cz\/nikdo-nechce-vzpominat-na-to-jak-uviznul-na-dalnici\/#breadcrumbitem"}]}]