[{"@context":"https:\/\/schema.org\/","@type":"Article","@id":"https:\/\/www.chliv.cz\/nevolici-a-volici\/#Article","mainEntityOfPage":"https:\/\/www.chliv.cz\/nevolici-a-volici\/","headline":"Nevoli\u010di a voli\u010di","name":"Nevoli\u010di a voli\u010di","description":"Pr\u00e1vo volit nemaj\u00ed v\u0161echny zem\u011b na sv\u011bt\u011b, ale pouze ty takzvan\u00e9 demokratick\u00e9. Demokracie je forma vl\u00e1dy, kdy si lid.","datePublished":"2022-06-05","dateModified":"2023-06-14","author":{"@type":"Person","@id":"https:\/\/www.chliv.cz\/author\/#Person","name":"","url":"https:\/\/www.chliv.cz\/author\/","identifier":1,"image":{"@type":"ImageObject","@id":"https:\/\/secure.gravatar.com\/avatar\/7c144e1de0ecc43e7a8353c804f0c7ea63c9554336576e7048c4bdeaa59bbbbb?s=96&d=mm&r=g","url":"https:\/\/secure.gravatar.com\/avatar\/7c144e1de0ecc43e7a8353c804f0c7ea63c9554336576e7048c4bdeaa59bbbbb?s=96&d=mm&r=g","height":96,"width":96}},"publisher":{"@type":"Organization","name":"chliv.cz","logo":{"@type":"ImageObject","@id":"\/logo.png","url":"\/logo.png","width":600,"height":60}},"image":{"@type":"ImageObject","@id":"https:\/\/www.chliv.cz\/wp-content\/uploads\/politics-ge707f20fd_640.jpg","url":"https:\/\/www.chliv.cz\/wp-content\/uploads\/politics-ge707f20fd_640.jpg","height":0,"width":0},"url":"https:\/\/www.chliv.cz\/nevolici-a-volici\/","about":["Politika"],"wordCount":473,"articleBody":"Pr\u00e1vo volit nemaj\u00ed v\u0161echny zem\u011b na sv\u011bt\u011b, ale pouze ty takzvan\u00e9 demokratick\u00e9. Demokracie je forma vl\u00e1dy, kdy si lid vol\u00ed lidi, kte\u0159\u00ed budou ve vl\u00e1d\u011b. Prakticky v\u0161echno by m\u011blo b\u00fdt \u010dist\u011b demokratick\u00e9 a lid\u00e9 by si m\u011bli volit v\u0161echno a m\u011bli by m\u00edt hlas nad v\u0161\u00edm, na co si \u010dlov\u011bk jen vzpomene. Jen\u017ee v\u0161ichni v\u00edme, \u017ee takov\u00fd ide\u00e1ln\u00ed st\u00e1t neexistuje a \u017ee je v\u0161e n\u011bjak\u00fdm zp\u016fsobem ovlivn\u011bno, i ty volby. Po\u0159\u00e1d je to ale lep\u0161\u00ed ne\u017e v\u00a0n\u011bkter\u00fdch zem\u00edch, kde nen\u00ed pr\u00e1vo volit, nebo jsou volby zkr\u00e1tka cenzurovan\u00e9 a zmanipulovan\u00e9, nebo je\u0161t\u011b h\u016f\u0159e \u2013 volby, kde je jen jedna mo\u017enost. To je naprosto neuctiv\u00fd krok vl\u00e1dce a je to \u0161\u00edlen\u011b nelidsk\u00e9. Volby jsou od slova volit, m\u00e1 tam \u010dlov\u011bk mo\u017enost volby a m\u016f\u017ee si p\u0159eci zvolit to, co s\u00e1m pokl\u00e1d\u00e1 za spr\u00e1vn\u00e9 a co s\u00e1m chce. Pak volby nemaj\u00ed \u017e\u00e1dn\u00fd smysl, pokud \u010dlov\u011bk m\u016f\u017ee zvolit jen jednoho \u010dlov\u011bka \u010di stranu. Nem\u00e1 prakticky mo\u017enost volby a nespl\u0148uje to tak hlavn\u00ed podm\u00ednky voleb. Proto takov\u00e9 volby jsou naprosto nemor\u00e1ln\u00ed a sm\u011b\u0161n\u00e9, bohu\u017eel se st\u00e1le po sv\u011bt\u011b d\u011bj\u00ed, a to je je\u0161t\u011b smutn\u011bj\u0161\u00ed, \u017ee v\u00a0dne\u0161n\u00ed dob\u011b k\u00a0n\u011b\u010demu takov\u00e9mu doch\u00e1z\u00ed. A ono bohu\u017eel doch\u00e1z\u00ed.N\u011bkter\u00e9 st\u00e1ty ale maj\u00ed to \u0161t\u011bst\u00ed, \u017ee v\u00a0nich mohou oby\u010dejn\u00ed ob\u010dan\u00e9 svobodn\u011b volit a alespo\u0148 sv\u016fj hlas hodit do urny, kde se pak n\u00e1sledn\u011b hlasy p\u0159epo\u010d\u00edtaj\u00ed a zv\u00edt\u011bz\u00ed ten, kdo m\u00ed nejv\u011bt\u0161\u00ed po\u010det hlas\u016f. Tak je to i v\u00a0na\u0161em st\u00e1t\u011b, ale nebylo tomu tak po celou dobu existence na\u0161eho st\u00e1tu. Bohu\u017eel kdysi za dob komunismu nebylo tak \u00fapln\u011b mo\u017enosti volby. Vlastn\u011b v\u016fbec. Na\u0161t\u011bst\u00ed jsou tyto doby pry\u010d, i p\u0159esto se v\u0161ak ale lid\u00e9 d\u011bl\u00ed na nevoli\u010de a voli\u010de. Lid\u00e9 by si ale m\u011bli v\u00e1\u017eit toho, \u017ee mohou volit a rozhodovat tak o sv\u00e9 budoucnosti. Proto by m\u011blo b\u00fdt v\u011bt\u0161\u00ed po\u010det voli\u010d\u016f. Ne v\u0161ichni lid\u00e9, kte\u0159\u00ed nevol\u00ed, jsou ale nutn\u011b \u0161patn\u00ed. N\u011bkte\u0159\u00ed tomu t\u0159eba nerozum\u00ed, co\u017e je ale v\u00a0dne\u0161n\u00ed dob\u011b nepochopiteln\u00e9, proto\u017ee na internetu je toho plno a volby nejsou o tom, kdo \u010demu rozum\u00ed ale o tom, jak\u00fd m\u00e1me ka\u017ed\u00fd sv\u016fj n\u00e1zor. Nutn\u011b ale v\u0161ichni voli\u010di nemus\u00ed b\u00fdt dob\u0159\u00ed \u2013 jsou tu i lid\u00e9, kte\u0159\u00ed volili komunisty, kdy\u017e je\u0161t\u011b mohli za dob demokracie do vl\u00e1dy. Na\u0161t\u011bst\u00ed u\u017e ale nemohou.                                                                                                                                                                                                                                                                                                                                                                                                "},{"@context":"https:\/\/schema.org\/","@type":"BreadcrumbList","itemListElement":[{"@type":"ListItem","position":1,"name":"Nevoli\u010di a voli\u010di","item":"https:\/\/www.chliv.cz\/nevolici-a-volici\/#breadcrumbitem"}]}]