{"@context":"https:\/\/schema.org\/","@type":"CollectionPage","@id":"https:\/\/www.chliv.cz\/nakupovani\/#CollectionPage","headline":"Nakupov\u00e1n\u00ed Category","description":"","url":"https:\/\/www.chliv.cz\/nakupovani\/","hasPart":[{"@type":"Article","@id":"https:\/\/www.chliv.cz\/v-blansku-jsou-kvalitni-okna\/","headline":"V Blansku jsou kvalitn\u00ed okna","url":"https:\/\/www.chliv.cz\/v-blansku-jsou-kvalitni-okna\/","datePublished":"2026-01-13","dateModified":"2026-01-13","mainEntityOfPage":"https:\/\/www.chliv.cz\/v-blansku-jsou-kvalitni-okna\/","author":{"@type":"Person","@id":"https:\/\/www.chliv.cz\/author\/#Person","name":"","url":"https:\/\/www.chliv.cz\/author\/","identifier":1,"image":{"@type":"ImageObject","@id":"https:\/\/secure.gravatar.com\/avatar\/7c144e1de0ecc43e7a8353c804f0c7ea63c9554336576e7048c4bdeaa59bbbbb?s=96&d=mm&r=g","url":"https:\/\/secure.gravatar.com\/avatar\/7c144e1de0ecc43e7a8353c804f0c7ea63c9554336576e7048c4bdeaa59bbbbb?s=96&d=mm&r=g","height":96,"width":96}},"publisher":{"@type":"Organization","name":"chliv.cz","logo":{"@type":"ImageObject","@id":"\/logo.png","url":"\/logo.png","width":600,"height":60}},"image":{"@type":"ImageObject","@id":"https:\/\/www.chliv.cz\/wp-content\/uploads\/2427999-italy-3178908_640.jpg","url":"https:\/\/www.chliv.cz\/wp-content\/uploads\/2427999-italy-3178908_640.jpg","height":0,"width":0},"keywords":null},{"@type":"Article","@id":"https:\/\/www.chliv.cz\/kupte-si-vestavene-skrine\/","headline":"Kupte si vestav\u011bn\u00e9 sk\u0159\u00edn\u011b","url":"https:\/\/www.chliv.cz\/kupte-si-vestavene-skrine\/","datePublished":"2025-12-22","dateModified":"2025-12-22","mainEntityOfPage":"https:\/\/www.chliv.cz\/kupte-si-vestavene-skrine\/","author":{"@type":"Person","@id":"https:\/\/www.chliv.cz\/author\/#Person","name":"","url":"https:\/\/www.chliv.cz\/author\/","identifier":1,"image":{"@type":"ImageObject","@id":"https:\/\/secure.gravatar.com\/avatar\/7c144e1de0ecc43e7a8353c804f0c7ea63c9554336576e7048c4bdeaa59bbbbb?s=96&d=mm&r=g","url":"https:\/\/secure.gravatar.com\/avatar\/7c144e1de0ecc43e7a8353c804f0c7ea63c9554336576e7048c4bdeaa59bbbbb?s=96&d=mm&r=g","height":96,"width":96}},"publisher":{"@type":"Organization","name":"chliv.cz","logo":{"@type":"ImageObject","@id":"\/logo.png","url":"\/logo.png","width":600,"height":60}},"image":{"@type":"ImageObject","@id":"https:\/\/www.chliv.cz\/wp-content\/uploads\/bed-1839184_640_10_10_10_10_10_10_6.jpg","url":"https:\/\/www.chliv.cz\/wp-content\/uploads\/bed-1839184_640_10_10_10_10_10_10_6.jpg","height":0,"width":0},"keywords":null},{"@type":"Article","@id":"https:\/\/www.chliv.cz\/taska-s-potiskem-jako-stylovy-modni-doplnek\/","headline":"Ta\u0161ka s potiskem jako stylov\u00fd m\u00f3dn\u00ed dopln\u011bk","url":"https:\/\/www.chliv.cz\/taska-s-potiskem-jako-stylovy-modni-doplnek\/","datePublished":"2025-11-05","dateModified":"2025-11-05","mainEntityOfPage":"https:\/\/www.chliv.cz\/taska-s-potiskem-jako-stylovy-modni-doplnek\/","author":{"@type":"Person","@id":"https:\/\/www.chliv.cz\/author\/#Person","name":"","url":"https:\/\/www.chliv.cz\/author\/","identifier":1,"image":{"@type":"ImageObject","@id":"https:\/\/secure.gravatar.com\/avatar\/7c144e1de0ecc43e7a8353c804f0c7ea63c9554336576e7048c4bdeaa59bbbbb?s=96&d=mm&r=g","url":"https:\/\/secure.gravatar.com\/avatar\/7c144e1de0ecc43e7a8353c804f0c7ea63c9554336576e7048c4bdeaa59bbbbb?s=96&d=mm&r=g","height":96,"width":96}},"publisher":{"@type":"Organization","name":"chliv.cz","logo":{"@type":"ImageObject","@id":"\/logo.png","url":"\/logo.png","width":600,"height":60}},"image":{"@type":"ImageObject","@id":"https:\/\/www.chliv.cz\/wp-content\/uploads\/girl-2581913_640_10_4.jpg","url":"https:\/\/www.chliv.cz\/wp-content\/uploads\/girl-2581913_640_10_4.jpg","height":0,"width":0},"keywords":null},{"@type":"Article","@id":"https:\/\/www.chliv.cz\/neni-sklenice-jako-sklenice\/","headline":"Nen\u00ed sklenice jako sklenice","url":"https:\/\/www.chliv.cz\/neni-sklenice-jako-sklenice\/","datePublished":"2025-11-05","dateModified":"2025-11-05","mainEntityOfPage":"https:\/\/www.chliv.cz\/neni-sklenice-jako-sklenice\/","author":{"@type":"Person","@id":"https:\/\/www.chliv.cz\/author\/#Person","name":"","url":"https:\/\/www.chliv.cz\/author\/","identifier":1,"image":{"@type":"ImageObject","@id":"https:\/\/secure.gravatar.com\/avatar\/7c144e1de0ecc43e7a8353c804f0c7ea63c9554336576e7048c4bdeaa59bbbbb?s=96&d=mm&r=g","url":"https:\/\/secure.gravatar.com\/avatar\/7c144e1de0ecc43e7a8353c804f0c7ea63c9554336576e7048c4bdeaa59bbbbb?s=96&d=mm&r=g","height":96,"width":96}},"publisher":{"@type":"Organization","name":"chliv.cz","logo":{"@type":"ImageObject","@id":"\/logo.png","url":"\/logo.png","width":600,"height":60}},"image":{"@type":"ImageObject","@id":"https:\/\/www.chliv.cz\/wp-content\/uploads\/ps.jpg","url":"https:\/\/www.chliv.cz\/wp-content\/uploads\/ps.jpg","height":0,"width":0},"keywords":null},{"@type":"Article","@id":"https:\/\/www.chliv.cz\/priprava-dymky-je-snadna\/","headline":"P\u0159\u00edprava d\u00fdmky je snadn\u00e1","url":"https:\/\/www.chliv.cz\/priprava-dymky-je-snadna\/","datePublished":"2025-02-17","dateModified":"2025-02-17","mainEntityOfPage":"https:\/\/www.chliv.cz\/priprava-dymky-je-snadna\/","author":{"@type":"Person","@id":"https:\/\/www.chliv.cz\/author\/#Person","name":"","url":"https:\/\/www.chliv.cz\/author\/","identifier":1,"image":{"@type":"ImageObject","@id":"https:\/\/secure.gravatar.com\/avatar\/7c144e1de0ecc43e7a8353c804f0c7ea63c9554336576e7048c4bdeaa59bbbbb?s=96&d=mm&r=g","url":"https:\/\/secure.gravatar.com\/avatar\/7c144e1de0ecc43e7a8353c804f0c7ea63c9554336576e7048c4bdeaa59bbbbb?s=96&d=mm&r=g","height":96,"width":96}},"publisher":{"@type":"Organization","name":"chliv.cz","logo":{"@type":"ImageObject","@id":"\/logo.png","url":"\/logo.png","width":600,"height":60}},"image":{"@type":"ImageObject","@id":"https:\/\/www.chliv.cz\/wp-content\/uploads\/bulb-shisha-5922098_640_1.jpg","url":"https:\/\/www.chliv.cz\/wp-content\/uploads\/bulb-shisha-5922098_640_1.jpg","height":0,"width":0},"keywords":null},{"@type":"Article","@id":"https:\/\/www.chliv.cz\/pronajem-leseni-i-s-vystavbou\/","headline":"Pron\u00e1jem le\u0161en\u00ed i s v\u00fdstavbou","url":"https:\/\/www.chliv.cz\/pronajem-leseni-i-s-vystavbou\/","datePublished":"2025-01-11","dateModified":"2025-01-11","mainEntityOfPage":"https:\/\/www.chliv.cz\/pronajem-leseni-i-s-vystavbou\/","author":{"@type":"Person","@id":"https:\/\/www.chliv.cz\/author\/#Person","name":"","url":"https:\/\/www.chliv.cz\/author\/","identifier":1,"image":{"@type":"ImageObject","@id":"https:\/\/secure.gravatar.com\/avatar\/7c144e1de0ecc43e7a8353c804f0c7ea63c9554336576e7048c4bdeaa59bbbbb?s=96&d=mm&r=g","url":"https:\/\/secure.gravatar.com\/avatar\/7c144e1de0ecc43e7a8353c804f0c7ea63c9554336576e7048c4bdeaa59bbbbb?s=96&d=mm&r=g","height":96,"width":96}},"publisher":{"@type":"Organization","name":"chliv.cz","logo":{"@type":"ImageObject","@id":"\/logo.png","url":"\/logo.png","width":600,"height":60}},"image":{"@type":"ImageObject","@id":"https:\/\/www.chliv.cz\/wp-content\/uploads\/construction-site-592458_640_4.jpg","url":"https:\/\/www.chliv.cz\/wp-content\/uploads\/construction-site-592458_640_4.jpg","height":0,"width":0},"keywords":null},{"@type":"Article","@id":"https:\/\/www.chliv.cz\/kde-uplatnite-soustruznicky-nuz\/","headline":"Kde uplatn\u00edte soustru\u017enick\u00fd n\u016f\u017e","url":"https:\/\/www.chliv.cz\/kde-uplatnite-soustruznicky-nuz\/","datePublished":"2024-12-20","dateModified":"2024-12-20","mainEntityOfPage":"https:\/\/www.chliv.cz\/kde-uplatnite-soustruznicky-nuz\/","author":{"@type":"Person","@id":"https:\/\/www.chliv.cz\/author\/#Person","name":"","url":"https:\/\/www.chliv.cz\/author\/","identifier":1,"image":{"@type":"ImageObject","@id":"https:\/\/secure.gravatar.com\/avatar\/7c144e1de0ecc43e7a8353c804f0c7ea63c9554336576e7048c4bdeaa59bbbbb?s=96&d=mm&r=g","url":"https:\/\/secure.gravatar.com\/avatar\/7c144e1de0ecc43e7a8353c804f0c7ea63c9554336576e7048c4bdeaa59bbbbb?s=96&d=mm&r=g","height":96,"width":96}},"publisher":{"@type":"Organization","name":"chliv.cz","logo":{"@type":"ImageObject","@id":"\/logo.png","url":"\/logo.png","width":600,"height":60}},"image":{"@type":"ImageObject","@id":"https:\/\/www.chliv.cz\/wp-content\/uploads\/engineering-4506143_640_3.jpg","url":"https:\/\/www.chliv.cz\/wp-content\/uploads\/engineering-4506143_640_3.jpg","height":0,"width":0},"keywords":null},{"@type":"Article","@id":"https:\/\/www.chliv.cz\/arduino-a-raspberry-pi-v-oblasti-monitorovani-a-zabezpeceni-vytvoreni-vlastniho-systemu\/","headline":"Arduino a Raspberry Pi v oblasti monitorov\u00e1n\u00ed a zabezpe\u010den\u00ed: Vytvo\u0159en\u00ed vlastn\u00edho syst\u00e9mu","url":"https:\/\/www.chliv.cz\/arduino-a-raspberry-pi-v-oblasti-monitorovani-a-zabezpeceni-vytvoreni-vlastniho-systemu\/","datePublished":"2024-11-08","dateModified":"2024-11-08","mainEntityOfPage":"https:\/\/www.chliv.cz\/arduino-a-raspberry-pi-v-oblasti-monitorovani-a-zabezpeceni-vytvoreni-vlastniho-systemu\/","author":{"@type":"Person","@id":"https:\/\/www.chliv.cz\/author\/#Person","name":"","url":"https:\/\/www.chliv.cz\/author\/","identifier":1,"image":{"@type":"ImageObject","@id":"https:\/\/secure.gravatar.com\/avatar\/7c144e1de0ecc43e7a8353c804f0c7ea63c9554336576e7048c4bdeaa59bbbbb?s=96&d=mm&r=g","url":"https:\/\/secure.gravatar.com\/avatar\/7c144e1de0ecc43e7a8353c804f0c7ea63c9554336576e7048c4bdeaa59bbbbb?s=96&d=mm&r=g","height":96,"width":96}},"publisher":{"@type":"Organization","name":"chliv.cz","logo":{"@type":"ImageObject","@id":"\/logo.png","url":"\/logo.png","width":600,"height":60}},"image":{"@type":"ImageObject","@id":"https:\/\/www.chliv.cz\/wp-content\/uploads\/arduino_1_O1e3kl.jpg","url":"https:\/\/www.chliv.cz\/wp-content\/uploads\/arduino_1_O1e3kl.jpg","height":0,"width":0},"keywords":null},{"@type":"Article","@id":"https:\/\/www.chliv.cz\/svezi-zelen-za-kazdeho-pocasi\/","headline":"Sv\u011b\u017e\u00ed zele\u0148 za ka\u017ed\u00e9ho po\u010das\u00ed","url":"https:\/\/www.chliv.cz\/svezi-zelen-za-kazdeho-pocasi\/","datePublished":"2023-01-09","dateModified":"2023-06-14","mainEntityOfPage":"https:\/\/www.chliv.cz\/svezi-zelen-za-kazdeho-pocasi\/","author":{"@type":"Person","@id":"https:\/\/www.chliv.cz\/author\/#Person","name":"","url":"https:\/\/www.chliv.cz\/author\/","identifier":1,"image":{"@type":"ImageObject","@id":"https:\/\/secure.gravatar.com\/avatar\/7c144e1de0ecc43e7a8353c804f0c7ea63c9554336576e7048c4bdeaa59bbbbb?s=96&d=mm&r=g","url":"https:\/\/secure.gravatar.com\/avatar\/7c144e1de0ecc43e7a8353c804f0c7ea63c9554336576e7048c4bdeaa59bbbbb?s=96&d=mm&r=g","height":96,"width":96}},"publisher":{"@type":"Organization","name":"chliv.cz","logo":{"@type":"ImageObject","@id":"\/logo.png","url":"\/logo.png","width":600,"height":60}},"image":{"@type":"ImageObject","@id":"https:\/\/www.chliv.cz\/wp-content\/uploads\/Buxus%20koule.jpg","url":"https:\/\/www.chliv.cz\/wp-content\/uploads\/Buxus%20koule.jpg","height":0,"width":0},"keywords":null},{"@type":"Article","@id":"https:\/\/www.chliv.cz\/piskoviste-pro-deti-je-radost\/","headline":"P\u00edskovi\u0161t\u011b pro d\u011bti je radost","url":"https:\/\/www.chliv.cz\/piskoviste-pro-deti-je-radost\/","datePublished":"2022-12-25","dateModified":"2023-06-14","mainEntityOfPage":"https:\/\/www.chliv.cz\/piskoviste-pro-deti-je-radost\/","author":{"@type":"Person","@id":"https:\/\/www.chliv.cz\/author\/#Person","name":"","url":"https:\/\/www.chliv.cz\/author\/","identifier":1,"image":{"@type":"ImageObject","@id":"https:\/\/secure.gravatar.com\/avatar\/7c144e1de0ecc43e7a8353c804f0c7ea63c9554336576e7048c4bdeaa59bbbbb?s=96&d=mm&r=g","url":"https:\/\/secure.gravatar.com\/avatar\/7c144e1de0ecc43e7a8353c804f0c7ea63c9554336576e7048c4bdeaa59bbbbb?s=96&d=mm&r=g","height":96,"width":96}},"publisher":{"@type":"Organization","name":"chliv.cz","logo":{"@type":"ImageObject","@id":"\/logo.png","url":"\/logo.png","width":600,"height":60}},"image":{"@type":"ImageObject","@id":"https:\/\/www.chliv.cz\/wp-content\/uploads\/istockphoto-1363654464-170667a.jpg","url":"https:\/\/www.chliv.cz\/wp-content\/uploads\/istockphoto-1363654464-170667a.jpg","height":0,"width":0},"keywords":null}]}