[{"@context":"https:\/\/schema.org\/","@type":"Article","@id":"https:\/\/www.chliv.cz\/k-cemu-je-potreba-grafik\/#Article","mainEntityOfPage":"https:\/\/www.chliv.cz\/k-cemu-je-potreba-grafik\/","headline":"K \u010demu je pot\u0159eba grafik?","name":"K \u010demu je pot\u0159eba grafik?","description":"Na sv\u011bt\u011b je mnoho povol\u00e1n\u00ed, je jich a\u017e tolik, \u017ee se to ned\u00e1 spo\u010d\u00edtat. Lep\u0161\u00ed slovo jsou pozice, na.","datePublished":"2022-12-13","dateModified":"2023-06-14","author":{"@type":"Person","@id":"https:\/\/www.chliv.cz\/author\/#Person","name":"","url":"https:\/\/www.chliv.cz\/author\/","identifier":1,"image":{"@type":"ImageObject","@id":"https:\/\/secure.gravatar.com\/avatar\/7c144e1de0ecc43e7a8353c804f0c7ea63c9554336576e7048c4bdeaa59bbbbb?s=96&d=mm&r=g","url":"https:\/\/secure.gravatar.com\/avatar\/7c144e1de0ecc43e7a8353c804f0c7ea63c9554336576e7048c4bdeaa59bbbbb?s=96&d=mm&r=g","height":96,"width":96}},"publisher":{"@type":"Organization","name":"chliv.cz","logo":{"@type":"ImageObject","@id":"\/logo.png","url":"\/logo.png","width":600,"height":60}},"image":{"@type":"ImageObject","@id":"https:\/\/www.chliv.cz\/wp-content\/uploads\/head-g13c5db6ef_640.jpg","url":"https:\/\/www.chliv.cz\/wp-content\/uploads\/head-g13c5db6ef_640.jpg","height":0,"width":0},"url":"https:\/\/www.chliv.cz\/k-cemu-je-potreba-grafik\/","about":["Firmy"],"wordCount":466,"articleBody":"      Na sv\u011bt\u011b je mnoho povol\u00e1n\u00ed, je jich a\u017e tolik, \u017ee se to ned\u00e1 spo\u010d\u00edtat. Lep\u0161\u00ed slovo jsou pozice, na sv\u011bt\u011b je tedy mnoho pozic. T\u0159eba v r\u00e1mci jednoho povol\u00e1n\u00ed m\u016f\u017ee b\u00fdt v\u00edce pozic, z\u00e1le\u017e\u00ed, jak to vezmeme, co mysl\u00edme slovem pozice. Tak \u010di tak v\u00edme, \u017ee ka\u017ed\u00e1 pozice a ka\u017ed\u00e9 zam\u011bstn\u00e1n\u00ed m\u00e1 sv\u016fj n\u00e1zev a n\u011bjak se jmenuje pr\u00e1v\u011b proto, abyste si mohli pak do \u017eivotopisu napsat, co vlastn\u011b jste nebo aby va\u0161e d\u011bti v\u011bd\u011bly, co maj\u00ed \u0159\u00edct ve \u0161kole, kdy\u017e se jich u\u010ditel zept\u00e1, co d\u011blaj\u00ed rodi\u010de. Je to pon\u011bkud blb\u00e1 ot\u00e1zka obzvl\u00e1\u0161\u0165 pro d\u011bti, kter\u00e9 maj\u00ed rodi\u010de ze st\u0159edn\u00ed vrstvy, je to pon\u011bkud stresuj\u00edc\u00ed na tuto ot\u00e1zku odpov\u011bd\u011bt, p\u0159itom pozd\u011bji d\u011bti zjist\u00ed, \u017ee je to vlastn\u011b \u00fapln\u011b jedno, jak pracuj\u00ed jejich rodi\u010de.I kdyby to bylo kdo v\u00ed jak nevhodn\u00e9 povol\u00e1n\u00ed, neub\u00edr\u00e1 to na kvalit\u011b \u017e\u00e1ka a u\u017e v\u016fbec ne \u010dlov\u011bka, kter\u00fd to povol\u00e1n\u00ed d\u011bl\u00e1. Je jich na sv\u011bt\u011b opravdu mnoho a jsou tu hor\u0161\u00ed lid\u00e9, nap\u0159\u00edklad ti, kte\u0159\u00ed si vyd\u011bl\u00e1vaj\u00ed \u0161pinav\u00e9 pen\u00edze, co\u017e je je\u0161t\u011b hor\u0161\u00ed, ale taky je to n\u011bjak\u00fdm zp\u016fsobem pr\u00e1ce. Nikdo nem\u016f\u017ee soudit ostatn\u00ed pr\u00e1ce, proto\u017ee ka\u017ed\u00e1 pr\u00e1ce vyd\u011bl\u00e1v\u00e1 pen\u00edze a pen\u00edze jsou pot\u0159eba, to je jedin\u00fd d\u016fvod, pro\u010d lid\u00e9 pracuj\u00ed a pro\u010d t\u0159eba n\u011bkte\u0159\u00ed d\u011blaj\u00ed tu pr\u00e1ci, kterou d\u011blaj\u00ed. N\u011bkte\u0159\u00ed d\u011blaj\u00ed pr\u00e1ci, kter\u00e1 je nebav\u00ed, ale d\u011blaj\u00ed to jen pro pen\u00edze, aby m\u011bli co j\u00edst a nosit na sob\u011b a tak\u00e9 aby m\u011bly jejich d\u011bti co j\u00edst a nosit na sob\u011b.Je to jednoduch\u00e9 a je to kolob\u011bh \u017eivota, pak toto sam\u00e9 budou \u0159e\u0161it zase jejich d\u011bti. Jedno z povol\u00e1n\u00ed je nap\u0159\u00edklad grafik. Ten pracuje v grafick\u00e9m studiu Olomouc. Co tam ale d\u011bl\u00e1? Jak je jeho pr\u00e1ce vyu\u017eita? Grafik, jak u\u017e jde z n\u00e1zvu poznat, se star\u00e1 o grafickou \u00fapravu r\u016fzn\u00fdch v\u011bc\u00ed. Pracuje pro r\u016fzn\u00e9 firmy a tvo\u0159\u00ed jim str\u00e1nky, loga a podobn\u011b, zkr\u00e1tka star\u00e1 se o to, aby v\u0161e vypadalo dob\u0159e. Nemus\u00ed se p\u0159\u00edmo starat o programov\u00e1n\u00ed web\u016f, o to se star\u00e1 zase n\u011bkdo jin\u00fd, ale navrhuje ve sv\u00e9m studiu r\u016fzn\u00e9 n\u00e1vrhy, hlavn\u011b ty loga a r\u016fzn\u00e9 obr\u00e1zky na webov\u00e9 str\u00e1nky, ale rozhodn\u011b nejen na toto, ale i t\u0159eba do r\u016fzn\u00fdch vide\u00ed a prezentac\u00ed.                                                                                                                                                                                                                                                                                                                                                                                                   "},{"@context":"https:\/\/schema.org\/","@type":"BreadcrumbList","itemListElement":[{"@type":"ListItem","position":1,"name":"K \u010demu je pot\u0159eba grafik?","item":"https:\/\/www.chliv.cz\/k-cemu-je-potreba-grafik\/#breadcrumbitem"}]}]