[{"@context":"https:\/\/schema.org\/","@type":"Article","@id":"https:\/\/www.chliv.cz\/bezpecnostni-opatreni-i-modni-vec\/#Article","mainEntityOfPage":"https:\/\/www.chliv.cz\/bezpecnostni-opatreni-i-modni-vec\/","headline":"Bezpe\u010dnostn\u00ed opat\u0159en\u00ed i m\u00f3dn\u00ed v\u011bc","name":"Bezpe\u010dnostn\u00ed opat\u0159en\u00ed i m\u00f3dn\u00ed v\u011bc","description":"Pokud i Vy pat\u0159\u00edte k lidem, kte\u0159\u00ed sv\u00e9 pejsky r\u00e1di obl\u00e9kaj\u00ed do roztomil\u00fdch svet\u0159\u00edk\u016f a uvazuj\u00ed jim slu\u0161iv\u00e9 ma\u0161li\u010dky,.","datePublished":"2024-12-05","dateModified":"2024-12-05","author":{"@type":"Person","@id":"https:\/\/www.chliv.cz\/author\/#Person","name":"","url":"https:\/\/www.chliv.cz\/author\/","identifier":1,"image":{"@type":"ImageObject","@id":"https:\/\/secure.gravatar.com\/avatar\/7c144e1de0ecc43e7a8353c804f0c7ea63c9554336576e7048c4bdeaa59bbbbb?s=96&d=mm&r=g","url":"https:\/\/secure.gravatar.com\/avatar\/7c144e1de0ecc43e7a8353c804f0c7ea63c9554336576e7048c4bdeaa59bbbbb?s=96&d=mm&r=g","height":96,"width":96}},"publisher":{"@type":"Organization","name":"chliv.cz","logo":{"@type":"ImageObject","@id":"\/logo.png","url":"\/logo.png","width":600,"height":60}},"url":"https:\/\/www.chliv.cz\/bezpecnostni-opatreni-i-modni-vec\/","wordCount":163,"articleBody":" Pokud i Vy pat\u0159\u00edte k lidem, kte\u0159\u00ed sv\u00e9 pejsky r\u00e1di obl\u00e9kaj\u00ed do roztomil\u00fdch svet\u0159\u00edk\u016f a uvazuj\u00ed jim slu\u0161iv\u00e9 ma\u0161li\u010dky, m\u00e1me pro V\u00e1s \u00fa\u017easnou zpr\u00e1vu. A\u0165 u\u017e jste to zaznamenali nebo nikoliv, na trhu se objevuj\u00ed sv\u00edt\u00edc\u00ed obojky pro psy, kter\u00e9 pln\u00ed nejenom bezpe\u010dnostn\u00ed funkci, ale p\u0159edev\u0161\u00edm jsou m\u00f3dn\u00edm dopl\u0148kem Va\u0161\u00ed \u010dty\u0159noh\u00e9 sle\u010dinky nebo p\u00e1na. Vyberte si ze v\u0161ech barev duhy Na v\u00fdb\u011br nav\u00edc nem\u00e1te pouze jednu z\u00e1kladn\u00ed barvu, ale rovnou celou \u0161k\u00e1lu tak, aby se p\u0159esn\u011b hodila k dan\u00e9 zv\u00ed\u0159ec\u00ed osobnosti a ladila nap\u0159\u00edklad s aktu\u00e1ln\u011b pou\u017e\u00edvan\u00fdm vod\u00edtkem. Ven\u010den\u00ed u\u017e nad\u00e1le nemus\u00ed b\u00fdt povinnost\u00ed, kter\u00e1 s vlastnictv\u00edm \u010dty\u0159noh\u00e9ho mazl\u00ed\u010dka nutn\u011b souvis\u00ed. M\u016f\u017ee se st\u00e1t z\u00e1bavnou sou\u010d\u00e1st\u00ed Va\u0161eho dne, na kterou se budete pravideln\u011b t\u011b\u0161it.                                                                                                                                                                                                                                                                                                                                                                                                "},{"@context":"https:\/\/schema.org\/","@type":"BreadcrumbList","itemListElement":[{"@type":"ListItem","position":1,"name":"Bezpe\u010dnostn\u00ed opat\u0159en\u00ed i m\u00f3dn\u00ed v\u011bc","item":"https:\/\/www.chliv.cz\/bezpecnostni-opatreni-i-modni-vec\/#breadcrumbitem"}]}]